{"id":1988,"date":"2024-10-07T17:22:18","date_gmt":"2024-10-07T15:22:18","guid":{"rendered":"https:\/\/wgphoto.pl\/t\/?p=1988"},"modified":"2024-10-07T17:22:18","modified_gmt":"2024-10-07T15:22:18","slug":"budafok-kocsiszin","status":"publish","type":"post","link":"http:\/\/wgphoto.pl\/t\/?p=1988","title":{"rendered":"Budafok kocsisz\u00edn"},"content":{"rendered":"\n<figure class=\"wp-block-image aligncenter size-full\"><img loading=\"lazy\" decoding=\"async\" width=\"1200\" height=\"795\" src=\"https:\/\/wgphoto.pl\/t\/wp-content\/uploads\/2024\/10\/IMGP6199.jpg\" alt=\"\" class=\"wp-image-1989\" srcset=\"http:\/\/wgphoto.pl\/t\/wp-content\/uploads\/2024\/10\/IMGP6199.jpg 1200w, http:\/\/wgphoto.pl\/t\/wp-content\/uploads\/2024\/10\/IMGP6199-300x199.jpg 300w, http:\/\/wgphoto.pl\/t\/wp-content\/uploads\/2024\/10\/IMGP6199-768x509.jpg 768w\" sizes=\"auto, (max-width: 1200px) 100vw, 1200px\" \/><\/figure>\n\n\n\n<div class=\"wp-block-group has-global-padding is-layout-constrained wp-block-group-is-layout-constrained\">\n<p>Budapeszt, zajezdnia Budafok. Jak wida\u0107, miejscowy przewo\u017anik posiada spor\u0105 nadwy\u017ck\u0119 taboru. 22.06.2014<\/p>\n<\/div>\n","protected":false},"excerpt":{"rendered":"<p>Budapeszt, zajezdnia Budafok. Jak wida\u0107, miejscowy przewo\u017anik posiada spor\u0105 nadwy\u017ck\u0119 taboru. 22.06.2014<\/p>\n","protected":false},"author":1,"featured_media":1989,"comment_status":"open","ping_status":"","sticky":false,"template":"","format":"standard","meta":{"footnotes":""},"categories":[48,3],"tags":[222,147,144,699,1037,105,138],"class_list":["post-1988","post","type-post","status-publish","format-standard","has-post-thumbnail","hentry","category-rok-2014","category-tramwaj","tag-2014-06-22","tag-bkv-budapest","tag-budapeszt","tag-ganz-csmg2","tag-tatra-t5","tag-wegry","tag-zajezdnia"],"_links":{"self":[{"href":"http:\/\/wgphoto.pl\/t\/index.php?rest_route=\/wp\/v2\/posts\/1988","targetHints":{"allow":["GET"]}}],"collection":[{"href":"http:\/\/wgphoto.pl\/t\/index.php?rest_route=\/wp\/v2\/posts"}],"about":[{"href":"http:\/\/wgphoto.pl\/t\/index.php?rest_route=\/wp\/v2\/types\/post"}],"author":[{"embeddable":true,"href":"http:\/\/wgphoto.pl\/t\/index.php?rest_route=\/wp\/v2\/users\/1"}],"replies":[{"embeddable":true,"href":"http:\/\/wgphoto.pl\/t\/index.php?rest_route=%2Fwp%2Fv2%2Fcomments&post=1988"}],"version-history":[{"count":1,"href":"http:\/\/wgphoto.pl\/t\/index.php?rest_route=\/wp\/v2\/posts\/1988\/revisions"}],"predecessor-version":[{"id":1990,"href":"http:\/\/wgphoto.pl\/t\/index.php?rest_route=\/wp\/v2\/posts\/1988\/revisions\/1990"}],"wp:featuredmedia":[{"embeddable":true,"href":"http:\/\/wgphoto.pl\/t\/index.php?rest_route=\/wp\/v2\/media\/1989"}],"wp:attachment":[{"href":"http:\/\/wgphoto.pl\/t\/index.php?rest_route=%2Fwp%2Fv2%2Fmedia&parent=1988"}],"wp:term":[{"taxonomy":"category","embeddable":true,"href":"http:\/\/wgphoto.pl\/t\/index.php?rest_route=%2Fwp%2Fv2%2Fcategories&post=1988"},{"taxonomy":"post_tag","embeddable":true,"href":"http:\/\/wgphoto.pl\/t\/index.php?rest_route=%2Fwp%2Fv2%2Ftags&post=1988"}],"curies":[{"name":"wp","href":"https:\/\/api.w.org\/{rel}","templated":true}]}}