{"id":19930,"date":"2025-07-06T20:41:53","date_gmt":"2025-07-06T18:41:53","guid":{"rendered":"https:\/\/wgphoto.pl\/t\/?p=19930"},"modified":"2025-07-06T20:41:53","modified_gmt":"2025-07-06T18:41:53","slug":"osobowym-wzdluz-laby","status":"publish","type":"post","link":"http:\/\/wgphoto.pl\/t\/?p=19930","title":{"rendered":"Osobowym wzd\u0142u\u017c \u0141aby"},"content":{"rendered":"\n<figure class=\"wp-block-image aligncenter size-full\"><img loading=\"lazy\" decoding=\"async\" width=\"1300\" height=\"861\" src=\"https:\/\/wgphoto.pl\/t\/wp-content\/uploads\/2025\/07\/IMGP0233.jpg\" alt=\"\" class=\"wp-image-19931\" srcset=\"http:\/\/wgphoto.pl\/t\/wp-content\/uploads\/2025\/07\/IMGP0233.jpg 1300w, http:\/\/wgphoto.pl\/t\/wp-content\/uploads\/2025\/07\/IMGP0233-300x199.jpg 300w, http:\/\/wgphoto.pl\/t\/wp-content\/uploads\/2025\/07\/IMGP0233-768x509.jpg 768w\" sizes=\"auto, (max-width: 1300px) 100vw, 1300px\" \/><\/figure>\n\n\n\n<div class=\"wp-block-group has-global-padding is-layout-constrained wp-block-group-is-layout-constrained\">\n<p>Szybki Per\u0161ing 162.077-2 (vmax 140 km\/h) na ko\u0144cu poci\u0105gu osobowego 6412 relacji Lys\u00e1 nad Labem &#8211; \u00dast\u00ed nad Labem z\u00e1pad jedzie lini\u0105 prawobrze\u017cn\u0105 wzgl\u0119dem \u0141aby, na szlaku Libochovany &#8211; Sebuz\u00edn. 20.09.2020<\/p>\n<\/div>\n","protected":false},"excerpt":{"rendered":"<p>Szybki Per\u0161ing 162.077-2 (vmax 140 km\/h) na ko\u0144cu poci\u0105gu osobowego 6412 relacji Lys\u00e1 nad Labem &#8211; \u00dast\u00ed nad Labem z\u00e1pad jedzie lini\u0105 prawobrze\u017cn\u0105 wzgl\u0119dem \u0141aby, na szlaku Libochovany &#8211; Sebuz\u00edn. 20.09.2020<\/p>\n","protected":false},"author":1,"featured_media":19931,"comment_status":"open","ping_status":"","sticky":false,"template":"","format":"standard","meta":{"footnotes":""},"categories":[2,676],"tags":[1656,2501,49,2003,173,4224,45,905,4225,2843],"class_list":["post-19930","post","type-post","status-publish","format-standard","has-post-thumbnail","hentry","category-kolej","category-rok-2020","tag-1656","tag-2020-09-20","tag-czechy","tag-czeskie-wakacje-2020","tag-koncowki","tag-libochovany","tag-most","tag-przez","tag-sebuzin","tag-tab-cz072"],"_links":{"self":[{"href":"http:\/\/wgphoto.pl\/t\/index.php?rest_route=\/wp\/v2\/posts\/19930","targetHints":{"allow":["GET"]}}],"collection":[{"href":"http:\/\/wgphoto.pl\/t\/index.php?rest_route=\/wp\/v2\/posts"}],"about":[{"href":"http:\/\/wgphoto.pl\/t\/index.php?rest_route=\/wp\/v2\/types\/post"}],"author":[{"embeddable":true,"href":"http:\/\/wgphoto.pl\/t\/index.php?rest_route=\/wp\/v2\/users\/1"}],"replies":[{"embeddable":true,"href":"http:\/\/wgphoto.pl\/t\/index.php?rest_route=%2Fwp%2Fv2%2Fcomments&post=19930"}],"version-history":[{"count":1,"href":"http:\/\/wgphoto.pl\/t\/index.php?rest_route=\/wp\/v2\/posts\/19930\/revisions"}],"predecessor-version":[{"id":19932,"href":"http:\/\/wgphoto.pl\/t\/index.php?rest_route=\/wp\/v2\/posts\/19930\/revisions\/19932"}],"wp:featuredmedia":[{"embeddable":true,"href":"http:\/\/wgphoto.pl\/t\/index.php?rest_route=\/wp\/v2\/media\/19931"}],"wp:attachment":[{"href":"http:\/\/wgphoto.pl\/t\/index.php?rest_route=%2Fwp%2Fv2%2Fmedia&parent=19930"}],"wp:term":[{"taxonomy":"category","embeddable":true,"href":"http:\/\/wgphoto.pl\/t\/index.php?rest_route=%2Fwp%2Fv2%2Fcategories&post=19930"},{"taxonomy":"post_tag","embeddable":true,"href":"http:\/\/wgphoto.pl\/t\/index.php?rest_route=%2Fwp%2Fv2%2Ftags&post=19930"}],"curies":[{"name":"wp","href":"https:\/\/api.w.org\/{rel}","templated":true}]}}