{"id":19980,"date":"2025-07-07T21:58:40","date_gmt":"2025-07-07T19:58:40","guid":{"rendered":"https:\/\/wgphoto.pl\/t\/?p=19980"},"modified":"2025-07-07T21:58:40","modified_gmt":"2025-07-07T19:58:40","slug":"niezbyt-reprezentacyjnie","status":"publish","type":"post","link":"http:\/\/wgphoto.pl\/t\/?p=19980","title":{"rendered":"Niezbyt reprezentacyjnie"},"content":{"rendered":"\n<figure class=\"wp-block-image aligncenter size-full\"><img loading=\"lazy\" decoding=\"async\" width=\"1300\" height=\"861\" src=\"https:\/\/wgphoto.pl\/t\/wp-content\/uploads\/2025\/07\/IMGP4431-2.jpg\" alt=\"\" class=\"wp-image-19981\" srcset=\"http:\/\/wgphoto.pl\/t\/wp-content\/uploads\/2025\/07\/IMGP4431-2.jpg 1300w, http:\/\/wgphoto.pl\/t\/wp-content\/uploads\/2025\/07\/IMGP4431-2-300x199.jpg 300w, http:\/\/wgphoto.pl\/t\/wp-content\/uploads\/2025\/07\/IMGP4431-2-768x509.jpg 768w\" sizes=\"auto, (max-width: 1300px) 100vw, 1300px\" \/><\/figure>\n\n\n\n<div class=\"wp-block-group has-global-padding is-layout-constrained wp-block-group-is-layout-constrained\">\n<p>Duewag R1.1 (zwany zazwyczaj po prostu NGT6) nr 9457 pod dworcem g\u0142\u00f3wnym w Bonn. To miejsce zdecydowanie nie wygl\u0105da\u0142o reprezentacyjnie, zw\u0142aszcza jak na by\u0142\u0105 stolic\u0119 RFN. 18.09.2023<\/p>\n<\/div>\n","protected":false},"excerpt":{"rendered":"<p>Duewag R1.1 (zwany zazwyczaj po prostu NGT6) nr 9457 pod dworcem g\u0142\u00f3wnym w Bonn. To miejsce zdecydowanie nie wygl\u0105da\u0142o reprezentacyjnie, zw\u0142aszcza jak na by\u0142\u0105 stolic\u0119 RFN. 18.09.2023<\/p>\n","protected":false},"author":1,"featured_media":19981,"comment_status":"open","ping_status":"","sticky":false,"template":"","format":"standard","meta":{"footnotes":""},"categories":[6,3],"tags":[566,91,4235,559,1802,23,380,90],"class_list":["post-19980","post","type-post","status-publish","format-standard","has-post-thumbnail","hentry","category-2023r","category-tramwaj","tag-2023-09-18","tag-blue-hour","tag-bonn","tag-d-ticket-2023","tag-duewag-ngtx","tag-niemcy","tag-spod-dworca","tag-wieczorem"],"_links":{"self":[{"href":"http:\/\/wgphoto.pl\/t\/index.php?rest_route=\/wp\/v2\/posts\/19980","targetHints":{"allow":["GET"]}}],"collection":[{"href":"http:\/\/wgphoto.pl\/t\/index.php?rest_route=\/wp\/v2\/posts"}],"about":[{"href":"http:\/\/wgphoto.pl\/t\/index.php?rest_route=\/wp\/v2\/types\/post"}],"author":[{"embeddable":true,"href":"http:\/\/wgphoto.pl\/t\/index.php?rest_route=\/wp\/v2\/users\/1"}],"replies":[{"embeddable":true,"href":"http:\/\/wgphoto.pl\/t\/index.php?rest_route=%2Fwp%2Fv2%2Fcomments&post=19980"}],"version-history":[{"count":1,"href":"http:\/\/wgphoto.pl\/t\/index.php?rest_route=\/wp\/v2\/posts\/19980\/revisions"}],"predecessor-version":[{"id":19982,"href":"http:\/\/wgphoto.pl\/t\/index.php?rest_route=\/wp\/v2\/posts\/19980\/revisions\/19982"}],"wp:featuredmedia":[{"embeddable":true,"href":"http:\/\/wgphoto.pl\/t\/index.php?rest_route=\/wp\/v2\/media\/19981"}],"wp:attachment":[{"href":"http:\/\/wgphoto.pl\/t\/index.php?rest_route=%2Fwp%2Fv2%2Fmedia&parent=19980"}],"wp:term":[{"taxonomy":"category","embeddable":true,"href":"http:\/\/wgphoto.pl\/t\/index.php?rest_route=%2Fwp%2Fv2%2Fcategories&post=19980"},{"taxonomy":"post_tag","embeddable":true,"href":"http:\/\/wgphoto.pl\/t\/index.php?rest_route=%2Fwp%2Fv2%2Ftags&post=19980"}],"curies":[{"name":"wp","href":"https:\/\/api.w.org\/{rel}","templated":true}]}}