{"id":20022,"date":"2025-07-08T16:46:11","date_gmt":"2025-07-08T14:46:11","guid":{"rendered":"https:\/\/wgphoto.pl\/t\/?p=20022"},"modified":"2025-07-08T16:46:11","modified_gmt":"2025-07-08T14:46:11","slug":"katecko-przy-pracy","status":"publish","type":"post","link":"http:\/\/wgphoto.pl\/t\/?p=20022","title":{"rendered":"K\u00e1t\u00e9\u010dko przy pracy"},"content":{"rendered":"\n<figure class=\"wp-block-image aligncenter size-full\"><img loading=\"lazy\" decoding=\"async\" width=\"1300\" height=\"861\" src=\"https:\/\/wgphoto.pl\/t\/wp-content\/uploads\/2025\/07\/IMGP0633-1.jpg\" alt=\"\" class=\"wp-image-20024\" srcset=\"http:\/\/wgphoto.pl\/t\/wp-content\/uploads\/2025\/07\/IMGP0633-1.jpg 1300w, http:\/\/wgphoto.pl\/t\/wp-content\/uploads\/2025\/07\/IMGP0633-1-300x199.jpg 300w, http:\/\/wgphoto.pl\/t\/wp-content\/uploads\/2025\/07\/IMGP0633-1-768x509.jpg 768w\" sizes=\"auto, (max-width: 1300px) 100vw, 1300px\" \/><\/figure>\n\n\n\n<div class=\"wp-block-group has-global-padding is-layout-constrained wp-block-group-is-layout-constrained\">\n<p>Pilzno, Klatovsk\u00e1 t\u0159\u00edda, Tatra KT8D5R.N2P 288 odje\u017cd\u017ca z przystanku <em>U Pr\u00e1ce<\/em>. W\u015br\u00f3d widocznych zabudowa\u0144 wyr\u00f3\u017cnia si\u0119 Wielka Synagoga &#8211; najwi\u0119ksza w Czechach i czwarta co do wielko\u015bci na \u015bwiecie. 22.09.2020<\/p>\n<\/div>\n","protected":false},"excerpt":{"rendered":"<p>Pilzno, Klatovsk\u00e1 t\u0159\u00edda, Tatra KT8D5R.N2P 288 odje\u017cd\u017ca z przystanku U Pr\u00e1ce. W\u015br\u00f3d widocznych zabudowa\u0144 wyr\u00f3\u017cnia si\u0119 Wielka Synagoga &#8211; najwi\u0119ksza w Czechach i czwarta co do wielko\u015bci na \u015bwiecie. 22.09.2020<\/p>\n","protected":false},"author":1,"featured_media":20024,"comment_status":"open","ping_status":"","sticky":false,"template":"","format":"standard","meta":{"footnotes":""},"categories":[676,3],"tags":[2353,34,49,2003,1674,1675,1075],"class_list":["post-20022","post","type-post","status-publish","format-standard","has-post-thumbnail","hentry","category-rok-2020","category-tramwaj","tag-2020-09-22","tag-architektura","tag-czechy","tag-czeskie-wakacje-2020","tag-dp-plzen","tag-pilzno","tag-tatra-kt8"],"_links":{"self":[{"href":"http:\/\/wgphoto.pl\/t\/index.php?rest_route=\/wp\/v2\/posts\/20022","targetHints":{"allow":["GET"]}}],"collection":[{"href":"http:\/\/wgphoto.pl\/t\/index.php?rest_route=\/wp\/v2\/posts"}],"about":[{"href":"http:\/\/wgphoto.pl\/t\/index.php?rest_route=\/wp\/v2\/types\/post"}],"author":[{"embeddable":true,"href":"http:\/\/wgphoto.pl\/t\/index.php?rest_route=\/wp\/v2\/users\/1"}],"replies":[{"embeddable":true,"href":"http:\/\/wgphoto.pl\/t\/index.php?rest_route=%2Fwp%2Fv2%2Fcomments&post=20022"}],"version-history":[{"count":1,"href":"http:\/\/wgphoto.pl\/t\/index.php?rest_route=\/wp\/v2\/posts\/20022\/revisions"}],"predecessor-version":[{"id":20025,"href":"http:\/\/wgphoto.pl\/t\/index.php?rest_route=\/wp\/v2\/posts\/20022\/revisions\/20025"}],"wp:featuredmedia":[{"embeddable":true,"href":"http:\/\/wgphoto.pl\/t\/index.php?rest_route=\/wp\/v2\/media\/20024"}],"wp:attachment":[{"href":"http:\/\/wgphoto.pl\/t\/index.php?rest_route=%2Fwp%2Fv2%2Fmedia&parent=20022"}],"wp:term":[{"taxonomy":"category","embeddable":true,"href":"http:\/\/wgphoto.pl\/t\/index.php?rest_route=%2Fwp%2Fv2%2Fcategories&post=20022"},{"taxonomy":"post_tag","embeddable":true,"href":"http:\/\/wgphoto.pl\/t\/index.php?rest_route=%2Fwp%2Fv2%2Ftags&post=20022"}],"curies":[{"name":"wp","href":"https:\/\/api.w.org\/{rel}","templated":true}]}}