{"id":20026,"date":"2025-07-08T16:47:02","date_gmt":"2025-07-08T14:47:02","guid":{"rendered":"https:\/\/wgphoto.pl\/t\/?p=20026"},"modified":"2025-07-08T16:47:02","modified_gmt":"2025-07-08T14:47:02","slug":"katecko-przy-cerkwi","status":"publish","type":"post","link":"http:\/\/wgphoto.pl\/t\/?p=20026","title":{"rendered":"K\u00e1t\u00e9\u010dko przy cerkwi"},"content":{"rendered":"\n<figure class=\"wp-block-image aligncenter size-full\"><img loading=\"lazy\" decoding=\"async\" width=\"1300\" height=\"861\" src=\"https:\/\/wgphoto.pl\/t\/wp-content\/uploads\/2025\/07\/IMGP4919.jpg\" alt=\"\" class=\"wp-image-20027\" srcset=\"http:\/\/wgphoto.pl\/t\/wp-content\/uploads\/2025\/07\/IMGP4919.jpg 1300w, http:\/\/wgphoto.pl\/t\/wp-content\/uploads\/2025\/07\/IMGP4919-300x199.jpg 300w, http:\/\/wgphoto.pl\/t\/wp-content\/uploads\/2025\/07\/IMGP4919-768x509.jpg 768w\" sizes=\"auto, (max-width: 1300px) 100vw, 1300px\" \/><\/figure>\n\n\n\n<div class=\"wp-block-group has-global-padding is-layout-constrained wp-block-group-is-layout-constrained\">\n<p>Koszyce, Hviezdoslavova ul. Tatra KT8D5 537 mija Muzeum Wschodnios\u0142owackie, na terenie kt\u00f3rego w ramach ekspozycji stoi drewniana cerkiew pw. \u015aw. Miko\u0142aja z 1741 roku, przeniesiona tu ze wsi Ko\u017euchovce ju\u017c w roku 1927. 16.08.2019<\/p>\n<\/div>\n","protected":false},"excerpt":{"rendered":"<p>Koszyce, Hviezdoslavova ul. Tatra KT8D5 537 mija Muzeum Wschodnios\u0142owackie, na terenie kt\u00f3rego w ramach ekspozycji stoi drewniana cerkiew pw. \u015aw. Miko\u0142aja z 1741 roku, przeniesiona tu ze wsi Ko\u017euchovce ju\u017c w roku 1927. 16.08.2019<\/p>\n","protected":false},"author":1,"featured_media":20027,"comment_status":"open","ping_status":"","sticky":false,"template":"","format":"standard","meta":{"footnotes":""},"categories":[136,3],"tags":[1357,34,1359,1358,1168,675,1075],"class_list":["post-20026","post","type-post","status-publish","format-standard","has-post-thumbnail","hentry","category-rok-2019","category-tramwaj","tag-2019-08-16","tag-architektura","tag-dpmk-kosice","tag-koszyce","tag-sierpniowka-2019","tag-slowacja","tag-tatra-kt8"],"_links":{"self":[{"href":"http:\/\/wgphoto.pl\/t\/index.php?rest_route=\/wp\/v2\/posts\/20026","targetHints":{"allow":["GET"]}}],"collection":[{"href":"http:\/\/wgphoto.pl\/t\/index.php?rest_route=\/wp\/v2\/posts"}],"about":[{"href":"http:\/\/wgphoto.pl\/t\/index.php?rest_route=\/wp\/v2\/types\/post"}],"author":[{"embeddable":true,"href":"http:\/\/wgphoto.pl\/t\/index.php?rest_route=\/wp\/v2\/users\/1"}],"replies":[{"embeddable":true,"href":"http:\/\/wgphoto.pl\/t\/index.php?rest_route=%2Fwp%2Fv2%2Fcomments&post=20026"}],"version-history":[{"count":1,"href":"http:\/\/wgphoto.pl\/t\/index.php?rest_route=\/wp\/v2\/posts\/20026\/revisions"}],"predecessor-version":[{"id":20028,"href":"http:\/\/wgphoto.pl\/t\/index.php?rest_route=\/wp\/v2\/posts\/20026\/revisions\/20028"}],"wp:featuredmedia":[{"embeddable":true,"href":"http:\/\/wgphoto.pl\/t\/index.php?rest_route=\/wp\/v2\/media\/20027"}],"wp:attachment":[{"href":"http:\/\/wgphoto.pl\/t\/index.php?rest_route=%2Fwp%2Fv2%2Fmedia&parent=20026"}],"wp:term":[{"taxonomy":"category","embeddable":true,"href":"http:\/\/wgphoto.pl\/t\/index.php?rest_route=%2Fwp%2Fv2%2Fcategories&post=20026"},{"taxonomy":"post_tag","embeddable":true,"href":"http:\/\/wgphoto.pl\/t\/index.php?rest_route=%2Fwp%2Fv2%2Ftags&post=20026"}],"curies":[{"name":"wp","href":"https:\/\/api.w.org\/{rel}","templated":true}]}}