{"id":20074,"date":"2025-07-09T17:56:30","date_gmt":"2025-07-09T15:56:30","guid":{"rendered":"https:\/\/wgphoto.pl\/t\/?p=20074"},"modified":"2025-07-09T17:56:30","modified_gmt":"2025-07-09T15:56:30","slug":"senna-kudowa-po-sezonie","status":"publish","type":"post","link":"http:\/\/wgphoto.pl\/t\/?p=20074","title":{"rendered":"Senna Kudowa po sezonie"},"content":{"rendered":"\n<figure class=\"wp-block-image aligncenter size-full\"><img loading=\"lazy\" decoding=\"async\" width=\"1300\" height=\"861\" src=\"https:\/\/wgphoto.pl\/t\/wp-content\/uploads\/2025\/07\/0429-00_rsn.jpg\" alt=\"\" class=\"wp-image-20075\" srcset=\"http:\/\/wgphoto.pl\/t\/wp-content\/uploads\/2025\/07\/0429-00_rsn.jpg 1300w, http:\/\/wgphoto.pl\/t\/wp-content\/uploads\/2025\/07\/0429-00_rsn-300x199.jpg 300w, http:\/\/wgphoto.pl\/t\/wp-content\/uploads\/2025\/07\/0429-00_rsn-768x509.jpg 768w\" sizes=\"auto, (max-width: 1300px) 100vw, 1300px\" \/><\/figure>\n\n\n\n<div class=\"wp-block-group has-global-padding is-layout-constrained wp-block-group-is-layout-constrained\">\n<p>SP32-210 z poci\u0105giem osobowym 3335 z K\u0142odzka G\u0142\u00f3wnego na stacji ko\u0144cowej w Kudowie-Zdroju. 23.10.2004<\/p>\n<\/div>\n","protected":false},"excerpt":{"rendered":"<p>SP32-210 z poci\u0105giem osobowym 3335 z K\u0142odzka G\u0142\u00f3wnego na stacji ko\u0144cowej w Kudowie-Zdroju. 23.10.2004<\/p>\n","protected":false},"author":1,"featured_media":20075,"comment_status":"open","ping_status":"","sticky":false,"template":"","format":"standard","meta":{"footnotes":""},"categories":[62,2,61],"tags":[465,126,1490,63,27,385,383],"class_list":["post-20074","post","type-post","status-publish","format-standard","has-post-thumbnail","hentry","category-analog","category-kolej","category-rok-2004","tag-2004-10-23","tag-jesien","tag-kudowa-zdroj-2","tag-pkp","tag-polska","tag-sp32","tag-tab-pl230"],"_links":{"self":[{"href":"http:\/\/wgphoto.pl\/t\/index.php?rest_route=\/wp\/v2\/posts\/20074","targetHints":{"allow":["GET"]}}],"collection":[{"href":"http:\/\/wgphoto.pl\/t\/index.php?rest_route=\/wp\/v2\/posts"}],"about":[{"href":"http:\/\/wgphoto.pl\/t\/index.php?rest_route=\/wp\/v2\/types\/post"}],"author":[{"embeddable":true,"href":"http:\/\/wgphoto.pl\/t\/index.php?rest_route=\/wp\/v2\/users\/1"}],"replies":[{"embeddable":true,"href":"http:\/\/wgphoto.pl\/t\/index.php?rest_route=%2Fwp%2Fv2%2Fcomments&post=20074"}],"version-history":[{"count":1,"href":"http:\/\/wgphoto.pl\/t\/index.php?rest_route=\/wp\/v2\/posts\/20074\/revisions"}],"predecessor-version":[{"id":20076,"href":"http:\/\/wgphoto.pl\/t\/index.php?rest_route=\/wp\/v2\/posts\/20074\/revisions\/20076"}],"wp:featuredmedia":[{"embeddable":true,"href":"http:\/\/wgphoto.pl\/t\/index.php?rest_route=\/wp\/v2\/media\/20075"}],"wp:attachment":[{"href":"http:\/\/wgphoto.pl\/t\/index.php?rest_route=%2Fwp%2Fv2%2Fmedia&parent=20074"}],"wp:term":[{"taxonomy":"category","embeddable":true,"href":"http:\/\/wgphoto.pl\/t\/index.php?rest_route=%2Fwp%2Fv2%2Fcategories&post=20074"},{"taxonomy":"post_tag","embeddable":true,"href":"http:\/\/wgphoto.pl\/t\/index.php?rest_route=%2Fwp%2Fv2%2Ftags&post=20074"}],"curies":[{"name":"wp","href":"https:\/\/api.w.org\/{rel}","templated":true}]}}