{"id":20092,"date":"2025-07-09T18:01:36","date_gmt":"2025-07-09T16:01:36","guid":{"rendered":"https:\/\/wgphoto.pl\/t\/?p=20092"},"modified":"2025-07-09T18:01:36","modified_gmt":"2025-07-09T16:01:36","slug":"jesienna-szarowka","status":"publish","type":"post","link":"http:\/\/wgphoto.pl\/t\/?p=20092","title":{"rendered":"Jesienna szar\u00f3wka"},"content":{"rendered":"\n<figure class=\"wp-block-image aligncenter size-full\"><img loading=\"lazy\" decoding=\"async\" width=\"1300\" height=\"861\" src=\"https:\/\/wgphoto.pl\/t\/wp-content\/uploads\/2025\/07\/IMGP0227.jpg\" alt=\"\" class=\"wp-image-20093\" srcset=\"http:\/\/wgphoto.pl\/t\/wp-content\/uploads\/2025\/07\/IMGP0227.jpg 1300w, http:\/\/wgphoto.pl\/t\/wp-content\/uploads\/2025\/07\/IMGP0227-300x199.jpg 300w, http:\/\/wgphoto.pl\/t\/wp-content\/uploads\/2025\/07\/IMGP0227-768x509.jpg 768w\" sizes=\"auto, (max-width: 1300px) 100vw, 1300px\" \/><\/figure>\n\n\n\n<div class=\"wp-block-group has-global-padding is-layout-constrained wp-block-group-is-layout-constrained\">\n<p>350.006 z poci\u0105giem pospiesznym 603 &#8222;Tatran&#8221; z Bratys\u0142awy do Koszyc zbli\u017ca si\u0119 do Vr\u00fatok. By\u0142o prawie po\u0142udnie, ale wcale nie mia\u0142o to odzwierciedlenia w \u015bwietle ani parametrze. 15.10.2022<\/p>\n<\/div>\n","protected":false},"excerpt":{"rendered":"<p>350.006 z poci\u0105giem pospiesznym 603 &#8222;Tatran&#8221; z Bratys\u0142awy do Koszyc zbli\u017ca si\u0119 do Vr\u00fatok. By\u0142o prawie po\u0142udnie, ale wcale nie mia\u0142o to odzwierciedlenia w \u015bwietle ani parametrze. 15.10.2022<\/p>\n","protected":false},"author":1,"featured_media":20093,"comment_status":"open","ping_status":"","sticky":false,"template":"","format":"standard","meta":{"footnotes":""},"categories":[2,669],"tags":[765,1705,114,126,675,753,1657,469],"class_list":["post-20092","post","type-post","status-publish","format-standard","has-post-thumbnail","hentry","category-kolej","category-rok-2022","tag-2022-10-15","tag-1705","tag-gory","tag-jesien","tag-slowacja","tag-slowacka-jesien-2022","tag-vrutky","tag-zssk"],"_links":{"self":[{"href":"http:\/\/wgphoto.pl\/t\/index.php?rest_route=\/wp\/v2\/posts\/20092","targetHints":{"allow":["GET"]}}],"collection":[{"href":"http:\/\/wgphoto.pl\/t\/index.php?rest_route=\/wp\/v2\/posts"}],"about":[{"href":"http:\/\/wgphoto.pl\/t\/index.php?rest_route=\/wp\/v2\/types\/post"}],"author":[{"embeddable":true,"href":"http:\/\/wgphoto.pl\/t\/index.php?rest_route=\/wp\/v2\/users\/1"}],"replies":[{"embeddable":true,"href":"http:\/\/wgphoto.pl\/t\/index.php?rest_route=%2Fwp%2Fv2%2Fcomments&post=20092"}],"version-history":[{"count":1,"href":"http:\/\/wgphoto.pl\/t\/index.php?rest_route=\/wp\/v2\/posts\/20092\/revisions"}],"predecessor-version":[{"id":20094,"href":"http:\/\/wgphoto.pl\/t\/index.php?rest_route=\/wp\/v2\/posts\/20092\/revisions\/20094"}],"wp:featuredmedia":[{"embeddable":true,"href":"http:\/\/wgphoto.pl\/t\/index.php?rest_route=\/wp\/v2\/media\/20093"}],"wp:attachment":[{"href":"http:\/\/wgphoto.pl\/t\/index.php?rest_route=%2Fwp%2Fv2%2Fmedia&parent=20092"}],"wp:term":[{"taxonomy":"category","embeddable":true,"href":"http:\/\/wgphoto.pl\/t\/index.php?rest_route=%2Fwp%2Fv2%2Fcategories&post=20092"},{"taxonomy":"post_tag","embeddable":true,"href":"http:\/\/wgphoto.pl\/t\/index.php?rest_route=%2Fwp%2Fv2%2Ftags&post=20092"}],"curies":[{"name":"wp","href":"https:\/\/api.w.org\/{rel}","templated":true}]}}