{"id":20095,"date":"2025-07-09T18:02:26","date_gmt":"2025-07-09T16:02:26","guid":{"rendered":"https:\/\/wgphoto.pl\/t\/?p=20095"},"modified":"2025-07-09T18:02:26","modified_gmt":"2025-07-09T16:02:26","slug":"gotowi-do-startu-6","status":"publish","type":"post","link":"http:\/\/wgphoto.pl\/t\/?p=20095","title":{"rendered":"Gotowi do startu"},"content":{"rendered":"\n<figure class=\"wp-block-image aligncenter size-full\"><img loading=\"lazy\" decoding=\"async\" width=\"1300\" height=\"861\" src=\"https:\/\/wgphoto.pl\/t\/wp-content\/uploads\/2025\/07\/IMGP5618.jpg\" alt=\"\" class=\"wp-image-20096\" srcset=\"http:\/\/wgphoto.pl\/t\/wp-content\/uploads\/2025\/07\/IMGP5618.jpg 1300w, http:\/\/wgphoto.pl\/t\/wp-content\/uploads\/2025\/07\/IMGP5618-300x199.jpg 300w, http:\/\/wgphoto.pl\/t\/wp-content\/uploads\/2025\/07\/IMGP5618-768x509.jpg 768w\" sizes=\"auto, (max-width: 1300px) 100vw, 1300px\" \/><\/figure>\n\n\n\n<div class=\"wp-block-group has-global-padding is-layout-constrained wp-block-group-is-layout-constrained\">\n<p>Brai\u0142a, Bulevardul Independen\u021bei. Holenderska odmiana &#8222;Helmuta&#8221; GT8 1613 (ex-Rotterdam, z numerem i w barwach poprzedniego w\u0142a\u015bciciela) jad\u0105c r\u00f3wnolegle z jednym autem i mijaj\u0105c rz\u0105d zaparkowanych wygl\u0105da jak na starcie wy\u015bcigu. 17.10.2019<\/p>\n<\/div>\n","protected":false},"excerpt":{"rendered":"<p>Brai\u0142a, Bulevardul Independen\u021bei. Holenderska odmiana &#8222;Helmuta&#8221; GT8 1613 (ex-Rotterdam, z numerem i w barwach poprzedniego w\u0142a\u015bciciela) jad\u0105c r\u00f3wnolegle z jednym autem i mijaj\u0105c rz\u0105d zaparkowanych wygl\u0105da jak na starcie wy\u015bcigu. 17.10.2019<\/p>\n","protected":false},"author":1,"featured_media":20096,"comment_status":"open","ping_status":"","sticky":false,"template":"","format":"standard","meta":{"footnotes":""},"categories":[136,3],"tags":[576,572,573,238,1186,574,575],"class_list":["post-20095","post","type-post","status-publish","format-standard","has-post-thumbnail","hentry","category-rok-2019","category-tramwaj","tag-2019-10-17","tag-braicar-braila","tag-braila","tag-gt8","tag-na-wsiadanego","tag-rumunia","tag-wakacje-2019"],"_links":{"self":[{"href":"http:\/\/wgphoto.pl\/t\/index.php?rest_route=\/wp\/v2\/posts\/20095","targetHints":{"allow":["GET"]}}],"collection":[{"href":"http:\/\/wgphoto.pl\/t\/index.php?rest_route=\/wp\/v2\/posts"}],"about":[{"href":"http:\/\/wgphoto.pl\/t\/index.php?rest_route=\/wp\/v2\/types\/post"}],"author":[{"embeddable":true,"href":"http:\/\/wgphoto.pl\/t\/index.php?rest_route=\/wp\/v2\/users\/1"}],"replies":[{"embeddable":true,"href":"http:\/\/wgphoto.pl\/t\/index.php?rest_route=%2Fwp%2Fv2%2Fcomments&post=20095"}],"version-history":[{"count":1,"href":"http:\/\/wgphoto.pl\/t\/index.php?rest_route=\/wp\/v2\/posts\/20095\/revisions"}],"predecessor-version":[{"id":20097,"href":"http:\/\/wgphoto.pl\/t\/index.php?rest_route=\/wp\/v2\/posts\/20095\/revisions\/20097"}],"wp:featuredmedia":[{"embeddable":true,"href":"http:\/\/wgphoto.pl\/t\/index.php?rest_route=\/wp\/v2\/media\/20096"}],"wp:attachment":[{"href":"http:\/\/wgphoto.pl\/t\/index.php?rest_route=%2Fwp%2Fv2%2Fmedia&parent=20095"}],"wp:term":[{"taxonomy":"category","embeddable":true,"href":"http:\/\/wgphoto.pl\/t\/index.php?rest_route=%2Fwp%2Fv2%2Fcategories&post=20095"},{"taxonomy":"post_tag","embeddable":true,"href":"http:\/\/wgphoto.pl\/t\/index.php?rest_route=%2Fwp%2Fv2%2Ftags&post=20095"}],"curies":[{"name":"wp","href":"https:\/\/api.w.org\/{rel}","templated":true}]}}