{"id":20098,"date":"2025-07-09T18:03:30","date_gmt":"2025-07-09T16:03:30","guid":{"rendered":"https:\/\/wgphoto.pl\/t\/?p=20098"},"modified":"2025-07-09T18:03:30","modified_gmt":"2025-07-09T16:03:30","slug":"tradycja-i-nowoczesnosc","status":"publish","type":"post","link":"http:\/\/wgphoto.pl\/t\/?p=20098","title":{"rendered":"Tradycja i nowoczesno\u015b\u0107"},"content":{"rendered":"\n<figure class=\"wp-block-image aligncenter size-full\"><img loading=\"lazy\" decoding=\"async\" width=\"1300\" height=\"861\" src=\"https:\/\/wgphoto.pl\/t\/wp-content\/uploads\/2025\/07\/IMGP5465.jpg\" alt=\"\" class=\"wp-image-20099\" srcset=\"http:\/\/wgphoto.pl\/t\/wp-content\/uploads\/2025\/07\/IMGP5465.jpg 1300w, http:\/\/wgphoto.pl\/t\/wp-content\/uploads\/2025\/07\/IMGP5465-300x199.jpg 300w, http:\/\/wgphoto.pl\/t\/wp-content\/uploads\/2025\/07\/IMGP5465-768x509.jpg 768w\" sizes=\"auto, (max-width: 1300px) 100vw, 1300px\" \/><\/figure>\n\n\n\n<div class=\"wp-block-group has-global-padding is-layout-constrained wp-block-group-is-layout-constrained\">\n<p>Bukareszt, Bulevardul Dimitrie Pompeiu, wagon V3A-93 nr 360 w p\u00f3\u0142nocnych rewirach miasta, gdzie infrastruktura drogowa w typowym stanie spotyka si\u0119 z nowoczesno\u015bci\u0105 w postaci szklanych biurowc\u00f3w. 16.10.2019<\/p>\n<\/div>\n","protected":false},"excerpt":{"rendered":"<p>Bukareszt, Bulevardul Dimitrie Pompeiu, wagon V3A-93 nr 360 w p\u00f3\u0142nocnych rewirach miasta, gdzie infrastruktura drogowa w typowym stanie spotyka si\u0119 z nowoczesno\u015bci\u0105 w postaci szklanych biurowc\u00f3w. 16.10.2019<\/p>\n","protected":false},"author":1,"featured_media":20099,"comment_status":"open","ping_status":"","sticky":false,"template":"","format":"standard","meta":{"footnotes":""},"categories":[136,3],"tags":[1556,965,126,574,966,575],"class_list":["post-20098","post","type-post","status-publish","format-standard","has-post-thumbnail","hentry","category-rok-2019","category-tramwaj","tag-2019-10-16","tag-bukareszt","tag-jesien","tag-rumunia","tag-stb-bucuresti","tag-wakacje-2019"],"_links":{"self":[{"href":"http:\/\/wgphoto.pl\/t\/index.php?rest_route=\/wp\/v2\/posts\/20098","targetHints":{"allow":["GET"]}}],"collection":[{"href":"http:\/\/wgphoto.pl\/t\/index.php?rest_route=\/wp\/v2\/posts"}],"about":[{"href":"http:\/\/wgphoto.pl\/t\/index.php?rest_route=\/wp\/v2\/types\/post"}],"author":[{"embeddable":true,"href":"http:\/\/wgphoto.pl\/t\/index.php?rest_route=\/wp\/v2\/users\/1"}],"replies":[{"embeddable":true,"href":"http:\/\/wgphoto.pl\/t\/index.php?rest_route=%2Fwp%2Fv2%2Fcomments&post=20098"}],"version-history":[{"count":1,"href":"http:\/\/wgphoto.pl\/t\/index.php?rest_route=\/wp\/v2\/posts\/20098\/revisions"}],"predecessor-version":[{"id":20100,"href":"http:\/\/wgphoto.pl\/t\/index.php?rest_route=\/wp\/v2\/posts\/20098\/revisions\/20100"}],"wp:featuredmedia":[{"embeddable":true,"href":"http:\/\/wgphoto.pl\/t\/index.php?rest_route=\/wp\/v2\/media\/20099"}],"wp:attachment":[{"href":"http:\/\/wgphoto.pl\/t\/index.php?rest_route=%2Fwp%2Fv2%2Fmedia&parent=20098"}],"wp:term":[{"taxonomy":"category","embeddable":true,"href":"http:\/\/wgphoto.pl\/t\/index.php?rest_route=%2Fwp%2Fv2%2Fcategories&post=20098"},{"taxonomy":"post_tag","embeddable":true,"href":"http:\/\/wgphoto.pl\/t\/index.php?rest_route=%2Fwp%2Fv2%2Ftags&post=20098"}],"curies":[{"name":"wp","href":"https:\/\/api.w.org\/{rel}","templated":true}]}}