{"id":20122,"date":"2025-07-09T22:06:07","date_gmt":"2025-07-09T20:06:07","guid":{"rendered":"https:\/\/wgphoto.pl\/t\/?p=20122"},"modified":"2025-07-09T22:06:07","modified_gmt":"2025-07-09T20:06:07","slug":"pesar-na-objezdzie","status":"publish","type":"post","link":"http:\/\/wgphoto.pl\/t\/?p=20122","title":{"rendered":"Pesar na obje\u017adzie"},"content":{"rendered":"\n<figure class=\"wp-block-image aligncenter size-full\"><img loading=\"lazy\" decoding=\"async\" width=\"1300\" height=\"861\" src=\"https:\/\/wgphoto.pl\/t\/wp-content\/uploads\/2025\/07\/IMGP3822.jpg\" alt=\"\" class=\"wp-image-20123\" srcset=\"http:\/\/wgphoto.pl\/t\/wp-content\/uploads\/2025\/07\/IMGP3822.jpg 1300w, http:\/\/wgphoto.pl\/t\/wp-content\/uploads\/2025\/07\/IMGP3822-300x199.jpg 300w, http:\/\/wgphoto.pl\/t\/wp-content\/uploads\/2025\/07\/IMGP3822-768x509.jpg 768w\" sizes=\"auto, (max-width: 1300px) 100vw, 1300px\" \/><\/figure>\n\n\n\n<div class=\"wp-block-group has-global-padding is-layout-constrained wp-block-group-is-layout-constrained\">\n<p>Wroc\u0142aw, ul. Powsta\u0144c\u00f3w \u015al\u0105skich, Pesa 3207 jako objazdowa pi\u0105tka, na kt\u00f3r\u0105 trafi\u0142em przypadkiem fotografuj\u0105c po prostu jesie\u0144. Rzadko mi si\u0119 zdarza z\u0142apa\u0107 Pes\u0119 na mie\u015bcie, wi\u0119c niechaj wpadnie takie foto. 15.10.2017<\/p>\n<\/div>\n","protected":false},"excerpt":{"rendered":"<p>Wroc\u0142aw, ul. Powsta\u0144c\u00f3w \u015al\u0105skich, Pesa 3207 jako objazdowa pi\u0105tka, na kt\u00f3r\u0105 trafi\u0142em przypadkiem fotografuj\u0105c po prostu jesie\u0144. Rzadko mi si\u0119 zdarza z\u0142apa\u0107 Pes\u0119 na mie\u015bcie, wi\u0119c niechaj wpadnie takie foto. 15.10.2017<\/p>\n","protected":false},"author":1,"featured_media":20123,"comment_status":"open","ping_status":"","sticky":false,"template":"","format":"standard","meta":{"footnotes":""},"categories":[368,3],"tags":[4254,126,42,1207,27,41],"class_list":["post-20122","post","type-post","status-publish","format-standard","has-post-thumbnail","hentry","category-rok-2017","category-tramwaj","tag-2017-10-15","tag-jesien","tag-mpk-wroclaw","tag-pesa-twist","tag-polska","tag-wroclaw"],"_links":{"self":[{"href":"http:\/\/wgphoto.pl\/t\/index.php?rest_route=\/wp\/v2\/posts\/20122","targetHints":{"allow":["GET"]}}],"collection":[{"href":"http:\/\/wgphoto.pl\/t\/index.php?rest_route=\/wp\/v2\/posts"}],"about":[{"href":"http:\/\/wgphoto.pl\/t\/index.php?rest_route=\/wp\/v2\/types\/post"}],"author":[{"embeddable":true,"href":"http:\/\/wgphoto.pl\/t\/index.php?rest_route=\/wp\/v2\/users\/1"}],"replies":[{"embeddable":true,"href":"http:\/\/wgphoto.pl\/t\/index.php?rest_route=%2Fwp%2Fv2%2Fcomments&post=20122"}],"version-history":[{"count":1,"href":"http:\/\/wgphoto.pl\/t\/index.php?rest_route=\/wp\/v2\/posts\/20122\/revisions"}],"predecessor-version":[{"id":20124,"href":"http:\/\/wgphoto.pl\/t\/index.php?rest_route=\/wp\/v2\/posts\/20122\/revisions\/20124"}],"wp:featuredmedia":[{"embeddable":true,"href":"http:\/\/wgphoto.pl\/t\/index.php?rest_route=\/wp\/v2\/media\/20123"}],"wp:attachment":[{"href":"http:\/\/wgphoto.pl\/t\/index.php?rest_route=%2Fwp%2Fv2%2Fmedia&parent=20122"}],"wp:term":[{"taxonomy":"category","embeddable":true,"href":"http:\/\/wgphoto.pl\/t\/index.php?rest_route=%2Fwp%2Fv2%2Fcategories&post=20122"},{"taxonomy":"post_tag","embeddable":true,"href":"http:\/\/wgphoto.pl\/t\/index.php?rest_route=%2Fwp%2Fv2%2Ftags&post=20122"}],"curies":[{"name":"wp","href":"https:\/\/api.w.org\/{rel}","templated":true}]}}