{"id":20159,"date":"2025-07-10T22:39:13","date_gmt":"2025-07-10T20:39:13","guid":{"rendered":"https:\/\/wgphoto.pl\/t\/?p=20159"},"modified":"2026-01-05T20:20:46","modified_gmt":"2026-01-05T19:20:46","slug":"o-kolei-i-lotniskach","status":"publish","type":"post","link":"http:\/\/wgphoto.pl\/t\/?p=20159","title":{"rendered":"O kolei i lotniskach"},"content":{"rendered":"\n<figure class=\"wp-block-image aligncenter size-full\"><img loading=\"lazy\" decoding=\"async\" width=\"1300\" height=\"861\" src=\"https:\/\/wgphoto.pl\/t\/wp-content\/uploads\/2025\/07\/IMGP3042.jpg\" alt=\"\" class=\"wp-image-20160\" srcset=\"http:\/\/wgphoto.pl\/t\/wp-content\/uploads\/2025\/07\/IMGP3042.jpg 1300w, http:\/\/wgphoto.pl\/t\/wp-content\/uploads\/2025\/07\/IMGP3042-300x199.jpg 300w, http:\/\/wgphoto.pl\/t\/wp-content\/uploads\/2025\/07\/IMGP3042-768x509.jpg 768w\" sizes=\"auto, (max-width: 1300px) 100vw, 1300px\" \/><\/figure>\n\n\n\n<div class=\"wp-block-group has-global-padding is-layout-constrained wp-block-group-is-layout-constrained\">\n<p>Poci\u0105g regionalny do Palermo Centrale par\u0119 minut przed odjazdem ze \u015blepej stacji pry mi\u0119dzynarodowym porcie lotniczym Palermo w Punta Raisi. Cz\u0119sto lotniskowe &#8222;\u015blepaki&#8221; s\u0105 kiepsk\u0105 inwestycj\u0105, ale tutaj poci\u0105g notuje ca\u0142kiem niez\u0142e nape\u0142nienia. Mo\u017ce wskaz\u00f3wk\u0105 b\u0119dzie liczba pasa\u017cer\u00f3w lotniska, si\u0119gaj\u0105ca oko\u0142o 6,5 mln os\u00f3b rocznie. Dla por\u00f3wnania krakowskie Balice, gdzie poci\u0105gi chyba te\u017c radz\u0105 sobie nie\u017ale, notuje ponad 7 mln pas\/rok, za\u015b takie gwiazdy jak Rzesz\u00f3w-Jasionka (0,7 mln pas\/rok) czy Szczecin-Goleni\u00f3w (0,4 mln pas\/rok) mog\u0105 si\u0119 schowa\u0107 z jakimkolwiek sensem ekonomicznym budowy kolei tam\u017ce. Nawet Wroc\u0142aw (prawie 3 mln pas\/rok), kt\u00f3ry marzy o kolei na lotnisko, nie zape\u0142ni tych poci\u0105g\u00f3w, skoro ma z tym problem nawet Ok\u0119cie (ponad 14 mln pas\/rok). 28.03.2019<\/p>\n<\/div>\n","protected":false},"excerpt":{"rendered":"<p>Poci\u0105g regionalny do Palermo Centrale par\u0119 minut przed odjazdem ze \u015blepej stacji pry mi\u0119dzynarodowym porcie lotniczym Palermo w Punta Raisi. Cz\u0119sto lotniskowe &#8222;\u015blepaki&#8221; s\u0105 kiepsk\u0105 inwestycj\u0105, ale tutaj poci\u0105g notuje ca\u0142kiem niez\u0142e nape\u0142nienia. Mo\u017ce wskaz\u00f3wk\u0105 b\u0119dzie liczba pasa\u017cer\u00f3w lotniska, si\u0119gaj\u0105ca oko\u0142o 6,5 mln os\u00f3b rocznie. Dla por\u00f3wnania krakowskie Balice, gdzie poci\u0105gi chyba te\u017c radz\u0105 sobie [&hellip;]<\/p>\n","protected":false},"author":1,"featured_media":20160,"comment_status":"open","ping_status":"","sticky":false,"template":"","format":"standard","meta":{"footnotes":""},"categories":[2,136],"tags":[429,4504,112,4260,422,15,110],"class_list":["post-20159","post","type-post","status-publish","format-standard","has-post-thumbnail","hentry","category-kolej","category-rok-2019","tag-2019-03-28","tag-alstom-coradia-meridian","tag-fs","tag-punta-raisi","tag-sycylia","tag-tunel","tag-wlochy"],"_links":{"self":[{"href":"http:\/\/wgphoto.pl\/t\/index.php?rest_route=\/wp\/v2\/posts\/20159","targetHints":{"allow":["GET"]}}],"collection":[{"href":"http:\/\/wgphoto.pl\/t\/index.php?rest_route=\/wp\/v2\/posts"}],"about":[{"href":"http:\/\/wgphoto.pl\/t\/index.php?rest_route=\/wp\/v2\/types\/post"}],"author":[{"embeddable":true,"href":"http:\/\/wgphoto.pl\/t\/index.php?rest_route=\/wp\/v2\/users\/1"}],"replies":[{"embeddable":true,"href":"http:\/\/wgphoto.pl\/t\/index.php?rest_route=%2Fwp%2Fv2%2Fcomments&post=20159"}],"version-history":[{"count":1,"href":"http:\/\/wgphoto.pl\/t\/index.php?rest_route=\/wp\/v2\/posts\/20159\/revisions"}],"predecessor-version":[{"id":20161,"href":"http:\/\/wgphoto.pl\/t\/index.php?rest_route=\/wp\/v2\/posts\/20159\/revisions\/20161"}],"wp:featuredmedia":[{"embeddable":true,"href":"http:\/\/wgphoto.pl\/t\/index.php?rest_route=\/wp\/v2\/media\/20160"}],"wp:attachment":[{"href":"http:\/\/wgphoto.pl\/t\/index.php?rest_route=%2Fwp%2Fv2%2Fmedia&parent=20159"}],"wp:term":[{"taxonomy":"category","embeddable":true,"href":"http:\/\/wgphoto.pl\/t\/index.php?rest_route=%2Fwp%2Fv2%2Fcategories&post=20159"},{"taxonomy":"post_tag","embeddable":true,"href":"http:\/\/wgphoto.pl\/t\/index.php?rest_route=%2Fwp%2Fv2%2Ftags&post=20159"}],"curies":[{"name":"wp","href":"https:\/\/api.w.org\/{rel}","templated":true}]}}