{"id":20162,"date":"2025-07-10T22:40:06","date_gmt":"2025-07-10T20:40:06","guid":{"rendered":"https:\/\/wgphoto.pl\/t\/?p=20162"},"modified":"2025-07-10T22:40:06","modified_gmt":"2025-07-10T20:40:06","slug":"niezbyt-zgrabne-tyleczki","status":"publish","type":"post","link":"http:\/\/wgphoto.pl\/t\/?p=20162","title":{"rendered":"Niezbyt zgrabne ty\u0142eczki"},"content":{"rendered":"\n<figure class=\"wp-block-image aligncenter size-full\"><img loading=\"lazy\" decoding=\"async\" width=\"773\" height=\"1000\" src=\"https:\/\/wgphoto.pl\/t\/wp-content\/uploads\/2025\/07\/DSCF7528.jpg\" alt=\"\" class=\"wp-image-20163\" srcset=\"http:\/\/wgphoto.pl\/t\/wp-content\/uploads\/2025\/07\/DSCF7528.jpg 773w, http:\/\/wgphoto.pl\/t\/wp-content\/uploads\/2025\/07\/DSCF7528-232x300.jpg 232w, http:\/\/wgphoto.pl\/t\/wp-content\/uploads\/2025\/07\/DSCF7528-768x994.jpg 768w\" sizes=\"auto, (max-width: 773px) 100vw, 773px\" \/><\/figure>\n\n\n\n<div class=\"wp-block-group has-global-padding is-layout-constrained wp-block-group-is-layout-constrained\">\n<p>Brno, n\u00e1m\u011bst\u00ed M\u00edru. Tatra K2P 1116 i Vario LFR.E 1567 na p\u0119tli linii 4 przy ko\u015bciele \u015aw. Augustyna. 12.09.2008<\/p>\n<\/div>\n","protected":false},"excerpt":{"rendered":"<p>Brno, n\u00e1m\u011bst\u00ed M\u00edru. Tatra K2P 1116 i Vario LFR.E 1567 na p\u0119tli linii 4 przy ko\u015bciele \u015aw. Augustyna. 12.09.2008<\/p>\n","protected":false},"author":1,"featured_media":20163,"comment_status":"open","ping_status":"","sticky":false,"template":"","format":"standard","meta":{"footnotes":""},"categories":[120,3],"tags":[329,328,49,330,649,994,1243],"class_list":["post-20162","post","type-post","status-publish","format-standard","has-post-thumbnail","hentry","category-rok-2008","category-tramwaj","tag-2008-09-12","tag-brno","tag-czechy","tag-dpmb-brno","tag-koncowki-2","tag-tatra-k2","tag-vario-lf"],"_links":{"self":[{"href":"http:\/\/wgphoto.pl\/t\/index.php?rest_route=\/wp\/v2\/posts\/20162","targetHints":{"allow":["GET"]}}],"collection":[{"href":"http:\/\/wgphoto.pl\/t\/index.php?rest_route=\/wp\/v2\/posts"}],"about":[{"href":"http:\/\/wgphoto.pl\/t\/index.php?rest_route=\/wp\/v2\/types\/post"}],"author":[{"embeddable":true,"href":"http:\/\/wgphoto.pl\/t\/index.php?rest_route=\/wp\/v2\/users\/1"}],"replies":[{"embeddable":true,"href":"http:\/\/wgphoto.pl\/t\/index.php?rest_route=%2Fwp%2Fv2%2Fcomments&post=20162"}],"version-history":[{"count":1,"href":"http:\/\/wgphoto.pl\/t\/index.php?rest_route=\/wp\/v2\/posts\/20162\/revisions"}],"predecessor-version":[{"id":20164,"href":"http:\/\/wgphoto.pl\/t\/index.php?rest_route=\/wp\/v2\/posts\/20162\/revisions\/20164"}],"wp:featuredmedia":[{"embeddable":true,"href":"http:\/\/wgphoto.pl\/t\/index.php?rest_route=\/wp\/v2\/media\/20163"}],"wp:attachment":[{"href":"http:\/\/wgphoto.pl\/t\/index.php?rest_route=%2Fwp%2Fv2%2Fmedia&parent=20162"}],"wp:term":[{"taxonomy":"category","embeddable":true,"href":"http:\/\/wgphoto.pl\/t\/index.php?rest_route=%2Fwp%2Fv2%2Fcategories&post=20162"},{"taxonomy":"post_tag","embeddable":true,"href":"http:\/\/wgphoto.pl\/t\/index.php?rest_route=%2Fwp%2Fv2%2Ftags&post=20162"}],"curies":[{"name":"wp","href":"https:\/\/api.w.org\/{rel}","templated":true}]}}