{"id":20165,"date":"2025-07-10T22:41:04","date_gmt":"2025-07-10T20:41:04","guid":{"rendered":"https:\/\/wgphoto.pl\/t\/?p=20165"},"modified":"2025-07-10T22:41:04","modified_gmt":"2025-07-10T20:41:04","slug":"splot-dla-bezpieczenstwa","status":"publish","type":"post","link":"http:\/\/wgphoto.pl\/t\/?p=20165","title":{"rendered":"Splot dla bezpiecze\u0144stwa"},"content":{"rendered":"\n<figure class=\"wp-block-image aligncenter size-full\"><img loading=\"lazy\" decoding=\"async\" width=\"1300\" height=\"861\" src=\"https:\/\/wgphoto.pl\/t\/wp-content\/uploads\/2025\/07\/IMGP3771.jpg\" alt=\"\" class=\"wp-image-20167\" srcset=\"http:\/\/wgphoto.pl\/t\/wp-content\/uploads\/2025\/07\/IMGP3771.jpg 1300w, http:\/\/wgphoto.pl\/t\/wp-content\/uploads\/2025\/07\/IMGP3771-300x199.jpg 300w, http:\/\/wgphoto.pl\/t\/wp-content\/uploads\/2025\/07\/IMGP3771-768x509.jpg 768w\" sizes=\"auto, (max-width: 1300px) 100vw, 1300px\" \/><\/figure>\n\n\n\n<div class=\"wp-block-group has-global-padding is-layout-constrained wp-block-group-is-layout-constrained\">\n<p>\u0141\u00f3d\u017a, ul. Aleksandrowska. Sk\u0142ad 805Na 2252+? wje\u017cd\u017ca na przystanek Lechicka, w obr\u0119bie kt\u00f3rego znajduje si\u0119 nowy splot, wybudowany kilka lat temu. Dawniej by\u0142 tu normalny dwutor, ale bez prawego peronu przystankowego &#8211; pasa\u017cerowie wysiadali w\u00f3wczas prosto na jezdni\u0119. Budowa peronu kosztem kr\u00f3tkiego splotu pozwoli\u0142a na zwi\u0119kszenie bezpiecze\u0144stwa os\u00f3b korzystaj\u0105cych z tego przystanku. 02.05.2019<\/p>\n<\/div>\n","protected":false},"excerpt":{"rendered":"<p>\u0141\u00f3d\u017a, ul. Aleksandrowska. Sk\u0142ad 805Na 2252+? wje\u017cd\u017ca na przystanek Lechicka, w obr\u0119bie kt\u00f3rego znajduje si\u0119 nowy splot, wybudowany kilka lat temu. Dawniej by\u0142 tu normalny dwutor, ale bez prawego peronu przystankowego &#8211; pasa\u017cerowie wysiadali w\u00f3wczas prosto na jezdni\u0119. Budowa peronu kosztem kr\u00f3tkiego splotu pozwoli\u0142a na zwi\u0119kszenie bezpiecze\u0144stwa os\u00f3b korzystaj\u0105cych z tego przystanku. 02.05.2019<\/p>\n","protected":false},"author":1,"featured_media":20167,"comment_status":"open","ping_status":"","sticky":false,"template":"","format":"standard","meta":{"footnotes":""},"categories":[136,3],"tags":[1162,230,916,773,776,27,1333],"class_list":["post-20165","post","type-post","status-publish","format-standard","has-post-thumbnail","hentry","category-rok-2019","category-tramwaj","tag-2019-05-02","tag-infrastruktura","tag-konstal-805na","tag-lodz","tag-mpk-lodz","tag-polska","tag-splot"],"_links":{"self":[{"href":"http:\/\/wgphoto.pl\/t\/index.php?rest_route=\/wp\/v2\/posts\/20165","targetHints":{"allow":["GET"]}}],"collection":[{"href":"http:\/\/wgphoto.pl\/t\/index.php?rest_route=\/wp\/v2\/posts"}],"about":[{"href":"http:\/\/wgphoto.pl\/t\/index.php?rest_route=\/wp\/v2\/types\/post"}],"author":[{"embeddable":true,"href":"http:\/\/wgphoto.pl\/t\/index.php?rest_route=\/wp\/v2\/users\/1"}],"replies":[{"embeddable":true,"href":"http:\/\/wgphoto.pl\/t\/index.php?rest_route=%2Fwp%2Fv2%2Fcomments&post=20165"}],"version-history":[{"count":1,"href":"http:\/\/wgphoto.pl\/t\/index.php?rest_route=\/wp\/v2\/posts\/20165\/revisions"}],"predecessor-version":[{"id":20168,"href":"http:\/\/wgphoto.pl\/t\/index.php?rest_route=\/wp\/v2\/posts\/20165\/revisions\/20168"}],"wp:featuredmedia":[{"embeddable":true,"href":"http:\/\/wgphoto.pl\/t\/index.php?rest_route=\/wp\/v2\/media\/20167"}],"wp:attachment":[{"href":"http:\/\/wgphoto.pl\/t\/index.php?rest_route=%2Fwp%2Fv2%2Fmedia&parent=20165"}],"wp:term":[{"taxonomy":"category","embeddable":true,"href":"http:\/\/wgphoto.pl\/t\/index.php?rest_route=%2Fwp%2Fv2%2Fcategories&post=20165"},{"taxonomy":"post_tag","embeddable":true,"href":"http:\/\/wgphoto.pl\/t\/index.php?rest_route=%2Fwp%2Fv2%2Ftags&post=20165"}],"curies":[{"name":"wp","href":"https:\/\/api.w.org\/{rel}","templated":true}]}}