{"id":20169,"date":"2025-07-10T22:42:11","date_gmt":"2025-07-10T20:42:11","guid":{"rendered":"https:\/\/wgphoto.pl\/t\/?p=20169"},"modified":"2025-07-10T22:42:11","modified_gmt":"2025-07-10T20:42:11","slug":"et21-458","status":"publish","type":"post","link":"http:\/\/wgphoto.pl\/t\/?p=20169","title":{"rendered":"ET21-458"},"content":{"rendered":"\n<figure class=\"wp-block-image aligncenter size-full\"><img loading=\"lazy\" decoding=\"async\" width=\"1300\" height=\"833\" src=\"https:\/\/wgphoto.pl\/t\/wp-content\/uploads\/2025\/07\/2000h-23_rsn.jpg\" alt=\"\" class=\"wp-image-20170\" srcset=\"http:\/\/wgphoto.pl\/t\/wp-content\/uploads\/2025\/07\/2000h-23_rsn.jpg 1300w, http:\/\/wgphoto.pl\/t\/wp-content\/uploads\/2025\/07\/2000h-23_rsn-300x192.jpg 300w, http:\/\/wgphoto.pl\/t\/wp-content\/uploads\/2025\/07\/2000h-23_rsn-768x492.jpg 768w\" sizes=\"auto, (max-width: 1300px) 100vw, 1300px\" \/><\/figure>\n\n\n\n<div class=\"wp-block-group has-global-padding is-layout-constrained wp-block-group-is-layout-constrained\">\n<p>ET21-458 w trakcie wyci\u0105gania przez w\u00f3zek akumulatorowy z wachlarza na obrotnic\u0119 lokomotywowni Wa\u0142brzych G\u0142\u00f3wny. 25.08.2000<\/p>\n<\/div>\n","protected":false},"excerpt":{"rendered":"<p>ET21-458 w trakcie wyci\u0105gania przez w\u00f3zek akumulatorowy z wachlarza na obrotnic\u0119 lokomotywowni Wa\u0142brzych G\u0142\u00f3wny. 25.08.2000<\/p>\n","protected":false},"author":1,"featured_media":20170,"comment_status":"open","ping_status":"","sticky":false,"template":"","format":"standard","meta":{"footnotes":""},"categories":[62,2,1099],"tags":[4261,198,359,63,27,1101],"class_list":["post-20169","post","type-post","status-publish","format-standard","has-post-thumbnail","hentry","category-analog","category-kolej","category-rok-2000","tag-2000-08-25","tag-et21","tag-lokomotywownia","tag-pkp","tag-polska","tag-walbrzych-glowny"],"_links":{"self":[{"href":"http:\/\/wgphoto.pl\/t\/index.php?rest_route=\/wp\/v2\/posts\/20169","targetHints":{"allow":["GET"]}}],"collection":[{"href":"http:\/\/wgphoto.pl\/t\/index.php?rest_route=\/wp\/v2\/posts"}],"about":[{"href":"http:\/\/wgphoto.pl\/t\/index.php?rest_route=\/wp\/v2\/types\/post"}],"author":[{"embeddable":true,"href":"http:\/\/wgphoto.pl\/t\/index.php?rest_route=\/wp\/v2\/users\/1"}],"replies":[{"embeddable":true,"href":"http:\/\/wgphoto.pl\/t\/index.php?rest_route=%2Fwp%2Fv2%2Fcomments&post=20169"}],"version-history":[{"count":1,"href":"http:\/\/wgphoto.pl\/t\/index.php?rest_route=\/wp\/v2\/posts\/20169\/revisions"}],"predecessor-version":[{"id":20171,"href":"http:\/\/wgphoto.pl\/t\/index.php?rest_route=\/wp\/v2\/posts\/20169\/revisions\/20171"}],"wp:featuredmedia":[{"embeddable":true,"href":"http:\/\/wgphoto.pl\/t\/index.php?rest_route=\/wp\/v2\/media\/20170"}],"wp:attachment":[{"href":"http:\/\/wgphoto.pl\/t\/index.php?rest_route=%2Fwp%2Fv2%2Fmedia&parent=20169"}],"wp:term":[{"taxonomy":"category","embeddable":true,"href":"http:\/\/wgphoto.pl\/t\/index.php?rest_route=%2Fwp%2Fv2%2Fcategories&post=20169"},{"taxonomy":"post_tag","embeddable":true,"href":"http:\/\/wgphoto.pl\/t\/index.php?rest_route=%2Fwp%2Fv2%2Ftags&post=20169"}],"curies":[{"name":"wp","href":"https:\/\/api.w.org\/{rel}","templated":true}]}}