{"id":20182,"date":"2025-07-10T22:46:36","date_gmt":"2025-07-10T20:46:36","guid":{"rendered":"https:\/\/wgphoto.pl\/t\/?p=20182"},"modified":"2025-07-10T22:46:36","modified_gmt":"2025-07-10T20:46:36","slug":"jesieniarska-skoda","status":"publish","type":"post","link":"http:\/\/wgphoto.pl\/t\/?p=20182","title":{"rendered":"Jesieniarska \u0160koda"},"content":{"rendered":"\n<figure class=\"wp-block-image aligncenter size-full\"><img loading=\"lazy\" decoding=\"async\" width=\"662\" height=\"999\" src=\"https:\/\/wgphoto.pl\/t\/wp-content\/uploads\/2025\/07\/IMGP5147.jpg\" alt=\"\" class=\"wp-image-20183\" srcset=\"http:\/\/wgphoto.pl\/t\/wp-content\/uploads\/2025\/07\/IMGP5147.jpg 662w, http:\/\/wgphoto.pl\/t\/wp-content\/uploads\/2025\/07\/IMGP5147-199x300.jpg 199w\" sizes=\"auto, (max-width: 662px) 100vw, 662px\" \/><\/figure>\n\n\n\n<div class=\"wp-block-group has-global-padding is-layout-constrained wp-block-group-is-layout-constrained\">\n<p>Wroc\u0142aw, ul. Karola Olszewskiego, tym razem \u0160koda 16T 3003. Foto wygl\u0105da bardzo &#8222;instagramowo&#8221;. \ud83d\ude09 29.10.2023<\/p>\n<\/div>\n","protected":false},"excerpt":{"rendered":"<p>Wroc\u0142aw, ul. Karola Olszewskiego, tym razem \u0160koda 16T 3003. Foto wygl\u0105da bardzo &#8222;instagramowo&#8221;. \ud83d\ude09 29.10.2023<\/p>\n","protected":false},"author":1,"featured_media":20183,"comment_status":"open","ping_status":"","sticky":false,"template":"","format":"standard","meta":{"footnotes":""},"categories":[128,6,3],"tags":[4263,126,395,42,27,215,216,41],"class_list":["post-20182","post","type-post","status-publish","format-standard","has-post-thumbnail","hentry","category-pionowe","category-2023r","category-tramwaj","tag-2023-10-29","tag-jesien","tag-lustro","tag-mpk-wroclaw","tag-polska","tag-skoda-16t","tag-skoda-elektra","tag-wroclaw"],"_links":{"self":[{"href":"http:\/\/wgphoto.pl\/t\/index.php?rest_route=\/wp\/v2\/posts\/20182","targetHints":{"allow":["GET"]}}],"collection":[{"href":"http:\/\/wgphoto.pl\/t\/index.php?rest_route=\/wp\/v2\/posts"}],"about":[{"href":"http:\/\/wgphoto.pl\/t\/index.php?rest_route=\/wp\/v2\/types\/post"}],"author":[{"embeddable":true,"href":"http:\/\/wgphoto.pl\/t\/index.php?rest_route=\/wp\/v2\/users\/1"}],"replies":[{"embeddable":true,"href":"http:\/\/wgphoto.pl\/t\/index.php?rest_route=%2Fwp%2Fv2%2Fcomments&post=20182"}],"version-history":[{"count":1,"href":"http:\/\/wgphoto.pl\/t\/index.php?rest_route=\/wp\/v2\/posts\/20182\/revisions"}],"predecessor-version":[{"id":20184,"href":"http:\/\/wgphoto.pl\/t\/index.php?rest_route=\/wp\/v2\/posts\/20182\/revisions\/20184"}],"wp:featuredmedia":[{"embeddable":true,"href":"http:\/\/wgphoto.pl\/t\/index.php?rest_route=\/wp\/v2\/media\/20183"}],"wp:attachment":[{"href":"http:\/\/wgphoto.pl\/t\/index.php?rest_route=%2Fwp%2Fv2%2Fmedia&parent=20182"}],"wp:term":[{"taxonomy":"category","embeddable":true,"href":"http:\/\/wgphoto.pl\/t\/index.php?rest_route=%2Fwp%2Fv2%2Fcategories&post=20182"},{"taxonomy":"post_tag","embeddable":true,"href":"http:\/\/wgphoto.pl\/t\/index.php?rest_route=%2Fwp%2Fv2%2Ftags&post=20182"}],"curies":[{"name":"wp","href":"https:\/\/api.w.org\/{rel}","templated":true}]}}