{"id":20233,"date":"2025-07-10T23:04:08","date_gmt":"2025-07-10T21:04:08","guid":{"rendered":"https:\/\/wgphoto.pl\/t\/?p=20233"},"modified":"2025-07-10T23:04:08","modified_gmt":"2025-07-10T21:04:08","slug":"sady-petatricatniku","status":"publish","type":"post","link":"http:\/\/wgphoto.pl\/t\/?p=20233","title":{"rendered":"Sady P\u011btat\u0159ic\u00e1tn\u00edk\u016f"},"content":{"rendered":"\n<figure class=\"wp-block-image aligncenter size-full\"><img loading=\"lazy\" decoding=\"async\" width=\"1300\" height=\"867\" src=\"https:\/\/wgphoto.pl\/t\/wp-content\/uploads\/2025\/07\/0813-25.jpg\" alt=\"\" class=\"wp-image-20234\" srcset=\"http:\/\/wgphoto.pl\/t\/wp-content\/uploads\/2025\/07\/0813-25.jpg 1300w, http:\/\/wgphoto.pl\/t\/wp-content\/uploads\/2025\/07\/0813-25-300x200.jpg 300w, http:\/\/wgphoto.pl\/t\/wp-content\/uploads\/2025\/07\/0813-25-768x512.jpg 768w\" sizes=\"auto, (max-width: 1300px) 100vw, 1300px\" \/><\/figure>\n\n\n\n<div class=\"wp-block-group has-global-padding is-layout-constrained wp-block-group-is-layout-constrained\">\n<p>Sk\u0142ad T3R.P 208+245, jad\u0105c od strony p\u0119tli Bory, zbli\u017ca si\u0119 do g\u0142\u00f3wnego w\u0119z\u0142a pilzne\u0144skiej sieci tramwajowej &#8211; po\u0142o\u017conego nieopodal rynku zespo\u0142u przystankowego Sady P\u011btat\u0159ic\u00e1tn\u00edk\u016f, gdzie spotykaj\u0105 si\u0119 wszystkie trzy linie. 11.09.2008<\/p>\n<\/div>\n","protected":false},"excerpt":{"rendered":"<p>Sk\u0142ad T3R.P 208+245, jad\u0105c od strony p\u0119tli Bory, zbli\u017ca si\u0119 do g\u0142\u00f3wnego w\u0119z\u0142a pilzne\u0144skiej sieci tramwajowej &#8211; po\u0142o\u017conego nieopodal rynku zespo\u0142u przystankowego Sady P\u011btat\u0159ic\u00e1tn\u00edk\u016f, gdzie spotykaj\u0105 si\u0119 wszystkie trzy linie. 11.09.2008<\/p>\n","protected":false},"author":1,"featured_media":20234,"comment_status":"open","ping_status":"","sticky":false,"template":"","format":"standard","meta":{"footnotes":""},"categories":[62,120,3],"tags":[715,34,49,1674,1675,1011],"class_list":["post-20233","post","type-post","status-publish","format-standard","has-post-thumbnail","hentry","category-analog","category-rok-2008","category-tramwaj","tag-2008-09-11","tag-architektura","tag-czechy","tag-dp-plzen","tag-pilzno","tag-tatra-t3"],"_links":{"self":[{"href":"http:\/\/wgphoto.pl\/t\/index.php?rest_route=\/wp\/v2\/posts\/20233","targetHints":{"allow":["GET"]}}],"collection":[{"href":"http:\/\/wgphoto.pl\/t\/index.php?rest_route=\/wp\/v2\/posts"}],"about":[{"href":"http:\/\/wgphoto.pl\/t\/index.php?rest_route=\/wp\/v2\/types\/post"}],"author":[{"embeddable":true,"href":"http:\/\/wgphoto.pl\/t\/index.php?rest_route=\/wp\/v2\/users\/1"}],"replies":[{"embeddable":true,"href":"http:\/\/wgphoto.pl\/t\/index.php?rest_route=%2Fwp%2Fv2%2Fcomments&post=20233"}],"version-history":[{"count":1,"href":"http:\/\/wgphoto.pl\/t\/index.php?rest_route=\/wp\/v2\/posts\/20233\/revisions"}],"predecessor-version":[{"id":20235,"href":"http:\/\/wgphoto.pl\/t\/index.php?rest_route=\/wp\/v2\/posts\/20233\/revisions\/20235"}],"wp:featuredmedia":[{"embeddable":true,"href":"http:\/\/wgphoto.pl\/t\/index.php?rest_route=\/wp\/v2\/media\/20234"}],"wp:attachment":[{"href":"http:\/\/wgphoto.pl\/t\/index.php?rest_route=%2Fwp%2Fv2%2Fmedia&parent=20233"}],"wp:term":[{"taxonomy":"category","embeddable":true,"href":"http:\/\/wgphoto.pl\/t\/index.php?rest_route=%2Fwp%2Fv2%2Fcategories&post=20233"},{"taxonomy":"post_tag","embeddable":true,"href":"http:\/\/wgphoto.pl\/t\/index.php?rest_route=%2Fwp%2Fv2%2Ftags&post=20233"}],"curies":[{"name":"wp","href":"https:\/\/api.w.org\/{rel}","templated":true}]}}