{"id":20236,"date":"2025-07-10T23:05:08","date_gmt":"2025-07-10T21:05:08","guid":{"rendered":"https:\/\/wgphoto.pl\/t\/?p=20236"},"modified":"2025-07-10T23:05:08","modified_gmt":"2025-07-10T21:05:08","slug":"tatra-t3m-06-237238","status":"publish","type":"post","link":"http:\/\/wgphoto.pl\/t\/?p=20236","title":{"rendered":"Tatra T3M.06 237+238"},"content":{"rendered":"\n<figure class=\"wp-block-image aligncenter size-full\"><img loading=\"lazy\" decoding=\"async\" width=\"800\" height=\"1000\" src=\"https:\/\/wgphoto.pl\/t\/wp-content\/uploads\/2025\/07\/0813-23.jpg\" alt=\"\" class=\"wp-image-20237\" srcset=\"http:\/\/wgphoto.pl\/t\/wp-content\/uploads\/2025\/07\/0813-23.jpg 800w, http:\/\/wgphoto.pl\/t\/wp-content\/uploads\/2025\/07\/0813-23-240x300.jpg 240w, http:\/\/wgphoto.pl\/t\/wp-content\/uploads\/2025\/07\/0813-23-768x960.jpg 768w\" sizes=\"auto, (max-width: 800px) 100vw, 800px\" \/><\/figure>\n\n\n\n<div class=\"wp-block-group has-global-padding is-layout-constrained wp-block-group-is-layout-constrained\">\n<p>Pilzno, Pre\u0161ovsk\u00e1 ul. Sk\u0142ad T3M.06 237+238 za moment wjedzie na N\u00e1m\u011bst\u00ed Republiky. Tramwaje wje\u017cd\u017caj\u0105 na oraz wyje\u017cd\u017caj\u0105 z rynku jednokierunkowymi ulicami w czterech jego naro\u017cnikach. 11.09.2008<\/p>\n<\/div>\n","protected":false},"excerpt":{"rendered":"<p>Pilzno, Pre\u0161ovsk\u00e1 ul. Sk\u0142ad T3M.06 237+238 za moment wjedzie na N\u00e1m\u011bst\u00ed Republiky. Tramwaje wje\u017cd\u017caj\u0105 na oraz wyje\u017cd\u017caj\u0105 z rynku jednokierunkowymi ulicami w czterech jego naro\u017cnikach. 11.09.2008<\/p>\n","protected":false},"author":1,"featured_media":20237,"comment_status":"open","ping_status":"","sticky":false,"template":"","format":"standard","meta":{"footnotes":""},"categories":[62,128,120,3],"tags":[715,34,49,1674,1675,1011],"class_list":["post-20236","post","type-post","status-publish","format-standard","has-post-thumbnail","hentry","category-analog","category-pionowe","category-rok-2008","category-tramwaj","tag-2008-09-11","tag-architektura","tag-czechy","tag-dp-plzen","tag-pilzno","tag-tatra-t3"],"_links":{"self":[{"href":"http:\/\/wgphoto.pl\/t\/index.php?rest_route=\/wp\/v2\/posts\/20236","targetHints":{"allow":["GET"]}}],"collection":[{"href":"http:\/\/wgphoto.pl\/t\/index.php?rest_route=\/wp\/v2\/posts"}],"about":[{"href":"http:\/\/wgphoto.pl\/t\/index.php?rest_route=\/wp\/v2\/types\/post"}],"author":[{"embeddable":true,"href":"http:\/\/wgphoto.pl\/t\/index.php?rest_route=\/wp\/v2\/users\/1"}],"replies":[{"embeddable":true,"href":"http:\/\/wgphoto.pl\/t\/index.php?rest_route=%2Fwp%2Fv2%2Fcomments&post=20236"}],"version-history":[{"count":1,"href":"http:\/\/wgphoto.pl\/t\/index.php?rest_route=\/wp\/v2\/posts\/20236\/revisions"}],"predecessor-version":[{"id":20238,"href":"http:\/\/wgphoto.pl\/t\/index.php?rest_route=\/wp\/v2\/posts\/20236\/revisions\/20238"}],"wp:featuredmedia":[{"embeddable":true,"href":"http:\/\/wgphoto.pl\/t\/index.php?rest_route=\/wp\/v2\/media\/20237"}],"wp:attachment":[{"href":"http:\/\/wgphoto.pl\/t\/index.php?rest_route=%2Fwp%2Fv2%2Fmedia&parent=20236"}],"wp:term":[{"taxonomy":"category","embeddable":true,"href":"http:\/\/wgphoto.pl\/t\/index.php?rest_route=%2Fwp%2Fv2%2Fcategories&post=20236"},{"taxonomy":"post_tag","embeddable":true,"href":"http:\/\/wgphoto.pl\/t\/index.php?rest_route=%2Fwp%2Fv2%2Ftags&post=20236"}],"curies":[{"name":"wp","href":"https:\/\/api.w.org\/{rel}","templated":true}]}}