{"id":20255,"date":"2025-07-11T12:42:52","date_gmt":"2025-07-11T10:42:52","guid":{"rendered":"https:\/\/wgphoto.pl\/t\/?p=20255"},"modified":"2025-07-11T12:43:36","modified_gmt":"2025-07-11T10:43:36","slug":"odrobina-historii","status":"publish","type":"post","link":"http:\/\/wgphoto.pl\/t\/?p=20255","title":{"rendered":"Odrobina historii"},"content":{"rendered":"\n<figure class=\"wp-block-image aligncenter size-full\"><img loading=\"lazy\" decoding=\"async\" width=\"1300\" height=\"861\" src=\"https:\/\/wgphoto.pl\/t\/wp-content\/uploads\/2025\/07\/IMGP8128-1.jpg\" alt=\"\" class=\"wp-image-20256\" srcset=\"http:\/\/wgphoto.pl\/t\/wp-content\/uploads\/2025\/07\/IMGP8128-1.jpg 1300w, http:\/\/wgphoto.pl\/t\/wp-content\/uploads\/2025\/07\/IMGP8128-1-300x199.jpg 300w, http:\/\/wgphoto.pl\/t\/wp-content\/uploads\/2025\/07\/IMGP8128-1-768x509.jpg 768w\" sizes=\"auto, (max-width: 1300px) 100vw, 1300px\" \/><\/figure>\n\n\n\n<div class=\"wp-block-group has-global-padding is-layout-constrained wp-block-group-is-layout-constrained\">\n<p>Stambu\u0142, Divanyolu Caddesi, sk\u0142ad X04 nr ?+811 zbli\u017ca si\u0119 do widocznej w tle Kolumny Konstantyna z IV w.n.e., kt\u00f3ra by\u0142a niegdy\u015b centralnym punktem znajduj\u0105cego si\u0119 w tym miejscu Forum Konstantyna, najwa\u017cniejszego placu Konstantynopola. 11.10.2016<\/p>\n<\/div>\n","protected":false},"excerpt":{"rendered":"<p>Stambu\u0142, Divanyolu Caddesi, sk\u0142ad X04 nr ?+811 zbli\u017ca si\u0119 do widocznej w tle Kolumny Konstantyna z IV w.n.e., kt\u00f3ra by\u0142a niegdy\u015b centralnym punktem znajduj\u0105cego si\u0119 w tym miejscu Forum Konstantyna, najwa\u017cniejszego placu Konstantynopola. 11.10.2016<\/p>\n","protected":false},"author":1,"featured_media":20256,"comment_status":"open","ping_status":"","sticky":false,"template":"","format":"standard","meta":{"footnotes":""},"categories":[125,3],"tags":[2385,3250,34,173,151,143,176,1670,927,931],"class_list":["post-20255","post","type-post","status-publish","format-standard","has-post-thumbnail","hentry","category-rok-2016","category-tramwaj","tag-2016-10-11","tag-alstom-citadis-x04","tag-architektura","tag-koncowki","tag-ludzie","tag-ponad-30m","tag-rano","tag-stambul","tag-turcja","tag-turcja-2016"],"_links":{"self":[{"href":"http:\/\/wgphoto.pl\/t\/index.php?rest_route=\/wp\/v2\/posts\/20255","targetHints":{"allow":["GET"]}}],"collection":[{"href":"http:\/\/wgphoto.pl\/t\/index.php?rest_route=\/wp\/v2\/posts"}],"about":[{"href":"http:\/\/wgphoto.pl\/t\/index.php?rest_route=\/wp\/v2\/types\/post"}],"author":[{"embeddable":true,"href":"http:\/\/wgphoto.pl\/t\/index.php?rest_route=\/wp\/v2\/users\/1"}],"replies":[{"embeddable":true,"href":"http:\/\/wgphoto.pl\/t\/index.php?rest_route=%2Fwp%2Fv2%2Fcomments&post=20255"}],"version-history":[{"count":1,"href":"http:\/\/wgphoto.pl\/t\/index.php?rest_route=\/wp\/v2\/posts\/20255\/revisions"}],"predecessor-version":[{"id":20257,"href":"http:\/\/wgphoto.pl\/t\/index.php?rest_route=\/wp\/v2\/posts\/20255\/revisions\/20257"}],"wp:featuredmedia":[{"embeddable":true,"href":"http:\/\/wgphoto.pl\/t\/index.php?rest_route=\/wp\/v2\/media\/20256"}],"wp:attachment":[{"href":"http:\/\/wgphoto.pl\/t\/index.php?rest_route=%2Fwp%2Fv2%2Fmedia&parent=20255"}],"wp:term":[{"taxonomy":"category","embeddable":true,"href":"http:\/\/wgphoto.pl\/t\/index.php?rest_route=%2Fwp%2Fv2%2Fcategories&post=20255"},{"taxonomy":"post_tag","embeddable":true,"href":"http:\/\/wgphoto.pl\/t\/index.php?rest_route=%2Fwp%2Fv2%2Ftags&post=20255"}],"curies":[{"name":"wp","href":"https:\/\/api.w.org\/{rel}","templated":true}]}}