{"id":20261,"date":"2025-07-11T12:45:29","date_gmt":"2025-07-11T10:45:29","guid":{"rendered":"https:\/\/wgphoto.pl\/t\/?p=20261"},"modified":"2025-07-11T12:45:29","modified_gmt":"2025-07-11T10:45:29","slug":"wiosna-3","status":"publish","type":"post","link":"http:\/\/wgphoto.pl\/t\/?p=20261","title":{"rendered":"Wiosna"},"content":{"rendered":"\n<figure class=\"wp-block-image aligncenter size-full\"><img loading=\"lazy\" decoding=\"async\" width=\"1300\" height=\"861\" src=\"https:\/\/wgphoto.pl\/t\/wp-content\/uploads\/2025\/07\/IMGP4425.jpg\" alt=\"\" class=\"wp-image-20262\" srcset=\"http:\/\/wgphoto.pl\/t\/wp-content\/uploads\/2025\/07\/IMGP4425.jpg 1300w, http:\/\/wgphoto.pl\/t\/wp-content\/uploads\/2025\/07\/IMGP4425-300x199.jpg 300w, http:\/\/wgphoto.pl\/t\/wp-content\/uploads\/2025\/07\/IMGP4425-768x509.jpg 768w\" sizes=\"auto, (max-width: 1300px) 100vw, 1300px\" \/><\/figure>\n\n\n\n<div class=\"wp-block-group has-global-padding is-layout-constrained wp-block-group-is-layout-constrained\">\n<p>Magdeburg, Leipziger Stra\u00dfe, sk\u0142ad NGT8D+B6A2M nr 1301+2204 pokonuje &#8222;eski&#8221; w\u015br\u00f3d wiosennej zieleni. 01.05.2016<\/p>\n<\/div>\n","protected":false},"excerpt":{"rendered":"<p>Magdeburg, Leipziger Stra\u00dfe, sk\u0142ad NGT8D+B6A2M nr 1301+2204 pokonuje &#8222;eski&#8221; w\u015br\u00f3d wiosennej zieleni. 01.05.2016<\/p>\n","protected":false},"author":1,"featured_media":20262,"comment_status":"open","ping_status":"","sticky":false,"template":"","format":"standard","meta":{"footnotes":""},"categories":[125,3],"tags":[1407,1408,1405,635,1406,23,143],"class_list":["post-20261","post","type-post","status-publish","format-standard","has-post-thumbnail","hentry","category-rok-2016","category-tramwaj","tag-2016-05-01","tag-alstom-citadis200","tag-magdeburg","tag-majowka-2016","tag-mvb-magdeburg","tag-niemcy","tag-ponad-30m"],"_links":{"self":[{"href":"http:\/\/wgphoto.pl\/t\/index.php?rest_route=\/wp\/v2\/posts\/20261","targetHints":{"allow":["GET"]}}],"collection":[{"href":"http:\/\/wgphoto.pl\/t\/index.php?rest_route=\/wp\/v2\/posts"}],"about":[{"href":"http:\/\/wgphoto.pl\/t\/index.php?rest_route=\/wp\/v2\/types\/post"}],"author":[{"embeddable":true,"href":"http:\/\/wgphoto.pl\/t\/index.php?rest_route=\/wp\/v2\/users\/1"}],"replies":[{"embeddable":true,"href":"http:\/\/wgphoto.pl\/t\/index.php?rest_route=%2Fwp%2Fv2%2Fcomments&post=20261"}],"version-history":[{"count":1,"href":"http:\/\/wgphoto.pl\/t\/index.php?rest_route=\/wp\/v2\/posts\/20261\/revisions"}],"predecessor-version":[{"id":20263,"href":"http:\/\/wgphoto.pl\/t\/index.php?rest_route=\/wp\/v2\/posts\/20261\/revisions\/20263"}],"wp:featuredmedia":[{"embeddable":true,"href":"http:\/\/wgphoto.pl\/t\/index.php?rest_route=\/wp\/v2\/media\/20262"}],"wp:attachment":[{"href":"http:\/\/wgphoto.pl\/t\/index.php?rest_route=%2Fwp%2Fv2%2Fmedia&parent=20261"}],"wp:term":[{"taxonomy":"category","embeddable":true,"href":"http:\/\/wgphoto.pl\/t\/index.php?rest_route=%2Fwp%2Fv2%2Fcategories&post=20261"},{"taxonomy":"post_tag","embeddable":true,"href":"http:\/\/wgphoto.pl\/t\/index.php?rest_route=%2Fwp%2Fv2%2Ftags&post=20261"}],"curies":[{"name":"wp","href":"https:\/\/api.w.org\/{rel}","templated":true}]}}