{"id":20270,"date":"2025-07-11T12:48:37","date_gmt":"2025-07-11T10:48:37","guid":{"rendered":"https:\/\/wgphoto.pl\/t\/?p=20270"},"modified":"2025-07-11T12:48:37","modified_gmt":"2025-07-11T10:48:37","slug":"baltycki-duet","status":"publish","type":"post","link":"http:\/\/wgphoto.pl\/t\/?p=20270","title":{"rendered":"Ba\u0142tycki duet"},"content":{"rendered":"\n<figure class=\"wp-block-image aligncenter size-full\"><img loading=\"lazy\" decoding=\"async\" width=\"1300\" height=\"867\" src=\"https:\/\/wgphoto.pl\/t\/wp-content\/uploads\/2025\/07\/0324-28_rsn.jpg\" alt=\"\" class=\"wp-image-20271\" srcset=\"http:\/\/wgphoto.pl\/t\/wp-content\/uploads\/2025\/07\/0324-28_rsn.jpg 1300w, http:\/\/wgphoto.pl\/t\/wp-content\/uploads\/2025\/07\/0324-28_rsn-300x200.jpg 300w, http:\/\/wgphoto.pl\/t\/wp-content\/uploads\/2025\/07\/0324-28_rsn-768x512.jpg 768w\" sizes=\"auto, (max-width: 1300px) 100vw, 1300px\" \/><\/figure>\n\n\n\n<div class=\"wp-block-group has-global-padding is-layout-constrained wp-block-group-is-layout-constrained\">\n<p>EP07-480 i ET22-447 na czele poci\u0105gu pospiesznego &#8222;Ba\u0142tyk&#8221; z Poznania G\u0142. do Gdyni G\u0142., sfotografowanego na odcinku Majewo &#8211; Morzeszczyn. 21.07.2003<\/p>\n<\/div>\n","protected":false},"excerpt":{"rendered":"<p>EP07-480 i ET22-447 na czele poci\u0105gu pospiesznego &#8222;Ba\u0142tyk&#8221; z Poznania G\u0142. do Gdyni G\u0142., sfotografowanego na odcinku Majewo &#8211; Morzeszczyn. 21.07.2003<\/p>\n","protected":false},"author":1,"featured_media":20271,"comment_status":"open","ping_status":"","sticky":false,"template":"","format":"standard","meta":{"footnotes":""},"categories":[62,2,149],"tags":[998,124,26,996,997,63,27,920],"class_list":["post-20270","post","type-post","status-publish","format-standard","has-post-thumbnail","hentry","category-analog","category-kolej","category-rok-2003","tag-2003-07-21","tag-ep07","tag-et22","tag-majewo","tag-morzeszczyn","tag-pkp","tag-polska","tag-tab-pl430"],"_links":{"self":[{"href":"http:\/\/wgphoto.pl\/t\/index.php?rest_route=\/wp\/v2\/posts\/20270","targetHints":{"allow":["GET"]}}],"collection":[{"href":"http:\/\/wgphoto.pl\/t\/index.php?rest_route=\/wp\/v2\/posts"}],"about":[{"href":"http:\/\/wgphoto.pl\/t\/index.php?rest_route=\/wp\/v2\/types\/post"}],"author":[{"embeddable":true,"href":"http:\/\/wgphoto.pl\/t\/index.php?rest_route=\/wp\/v2\/users\/1"}],"replies":[{"embeddable":true,"href":"http:\/\/wgphoto.pl\/t\/index.php?rest_route=%2Fwp%2Fv2%2Fcomments&post=20270"}],"version-history":[{"count":1,"href":"http:\/\/wgphoto.pl\/t\/index.php?rest_route=\/wp\/v2\/posts\/20270\/revisions"}],"predecessor-version":[{"id":20272,"href":"http:\/\/wgphoto.pl\/t\/index.php?rest_route=\/wp\/v2\/posts\/20270\/revisions\/20272"}],"wp:featuredmedia":[{"embeddable":true,"href":"http:\/\/wgphoto.pl\/t\/index.php?rest_route=\/wp\/v2\/media\/20271"}],"wp:attachment":[{"href":"http:\/\/wgphoto.pl\/t\/index.php?rest_route=%2Fwp%2Fv2%2Fmedia&parent=20270"}],"wp:term":[{"taxonomy":"category","embeddable":true,"href":"http:\/\/wgphoto.pl\/t\/index.php?rest_route=%2Fwp%2Fv2%2Fcategories&post=20270"},{"taxonomy":"post_tag","embeddable":true,"href":"http:\/\/wgphoto.pl\/t\/index.php?rest_route=%2Fwp%2Fv2%2Ftags&post=20270"}],"curies":[{"name":"wp","href":"https:\/\/api.w.org\/{rel}","templated":true}]}}