{"id":20279,"date":"2025-07-11T12:51:19","date_gmt":"2025-07-11T10:51:19","guid":{"rendered":"https:\/\/wgphoto.pl\/t\/?p=20279"},"modified":"2025-07-11T12:51:19","modified_gmt":"2025-07-11T10:51:19","slug":"eu07-463","status":"publish","type":"post","link":"http:\/\/wgphoto.pl\/t\/?p=20279","title":{"rendered":"EU07-463"},"content":{"rendered":"\n<figure class=\"wp-block-image aligncenter size-full\"><img loading=\"lazy\" decoding=\"async\" width=\"1300\" height=\"867\" src=\"https:\/\/wgphoto.pl\/t\/wp-content\/uploads\/2025\/07\/2001w-05_rsn.jpg\" alt=\"\" class=\"wp-image-20280\" srcset=\"http:\/\/wgphoto.pl\/t\/wp-content\/uploads\/2025\/07\/2001w-05_rsn.jpg 1300w, http:\/\/wgphoto.pl\/t\/wp-content\/uploads\/2025\/07\/2001w-05_rsn-300x200.jpg 300w, http:\/\/wgphoto.pl\/t\/wp-content\/uploads\/2025\/07\/2001w-05_rsn-768x512.jpg 768w\" sizes=\"auto, (max-width: 1300px) 100vw, 1300px\" \/><\/figure>\n\n\n\n<div class=\"wp-block-group has-global-padding is-layout-constrained wp-block-group-is-layout-constrained\">\n<p>EU07-463 z CM Pozna\u0144 z poci\u0105giem osobowym 76934 relacji Pozna\u0144 G\u0142. &#8211; Wroc\u0142aw G\u0142. na szlaku Wroc\u0142aw Miko\u0142aj\u00f3w &#8211; Podg Grabiszyn. 11.11.2001<\/p>\n<\/div>\n","protected":false},"excerpt":{"rendered":"<p>EU07-463 z CM Pozna\u0144 z poci\u0105giem osobowym 76934 relacji Pozna\u0144 G\u0142. &#8211; Wroc\u0142aw G\u0142. na szlaku Wroc\u0142aw Miko\u0142aj\u00f3w &#8211; Podg Grabiszyn. 11.11.2001<\/p>\n","protected":false},"author":1,"featured_media":20280,"comment_status":"open","ping_status":"","sticky":false,"template":"","format":"standard","meta":{"footnotes":""},"categories":[62,2,940],"tags":[4275,122,126,63,1544,27,190,41,4258],"class_list":["post-20279","post","type-post","status-publish","format-standard","has-post-thumbnail","hentry","category-analog","category-kolej","category-rok-2001","tag-2001-11-11","tag-eu07","tag-jesien","tag-pkp","tag-podg-grabiszyn","tag-polska","tag-tab-pl330","tag-wroclaw","tag-wroclaw-mikolajow"],"_links":{"self":[{"href":"http:\/\/wgphoto.pl\/t\/index.php?rest_route=\/wp\/v2\/posts\/20279","targetHints":{"allow":["GET"]}}],"collection":[{"href":"http:\/\/wgphoto.pl\/t\/index.php?rest_route=\/wp\/v2\/posts"}],"about":[{"href":"http:\/\/wgphoto.pl\/t\/index.php?rest_route=\/wp\/v2\/types\/post"}],"author":[{"embeddable":true,"href":"http:\/\/wgphoto.pl\/t\/index.php?rest_route=\/wp\/v2\/users\/1"}],"replies":[{"embeddable":true,"href":"http:\/\/wgphoto.pl\/t\/index.php?rest_route=%2Fwp%2Fv2%2Fcomments&post=20279"}],"version-history":[{"count":1,"href":"http:\/\/wgphoto.pl\/t\/index.php?rest_route=\/wp\/v2\/posts\/20279\/revisions"}],"predecessor-version":[{"id":20281,"href":"http:\/\/wgphoto.pl\/t\/index.php?rest_route=\/wp\/v2\/posts\/20279\/revisions\/20281"}],"wp:featuredmedia":[{"embeddable":true,"href":"http:\/\/wgphoto.pl\/t\/index.php?rest_route=\/wp\/v2\/media\/20280"}],"wp:attachment":[{"href":"http:\/\/wgphoto.pl\/t\/index.php?rest_route=%2Fwp%2Fv2%2Fmedia&parent=20279"}],"wp:term":[{"taxonomy":"category","embeddable":true,"href":"http:\/\/wgphoto.pl\/t\/index.php?rest_route=%2Fwp%2Fv2%2Fcategories&post=20279"},{"taxonomy":"post_tag","embeddable":true,"href":"http:\/\/wgphoto.pl\/t\/index.php?rest_route=%2Fwp%2Fv2%2Ftags&post=20279"}],"curies":[{"name":"wp","href":"https:\/\/api.w.org\/{rel}","templated":true}]}}