{"id":20282,"date":"2025-07-11T12:52:06","date_gmt":"2025-07-11T10:52:06","guid":{"rendered":"https:\/\/wgphoto.pl\/t\/?p=20282"},"modified":"2025-07-11T12:52:06","modified_gmt":"2025-07-11T10:52:06","slug":"eu07-060","status":"publish","type":"post","link":"http:\/\/wgphoto.pl\/t\/?p=20282","title":{"rendered":"EU07-060"},"content":{"rendered":"\n<figure class=\"wp-block-image aligncenter size-full\"><img loading=\"lazy\" decoding=\"async\" width=\"1300\" height=\"867\" src=\"https:\/\/wgphoto.pl\/t\/wp-content\/uploads\/2025\/07\/2001w-02_rsn.jpg\" alt=\"\" class=\"wp-image-20283\" srcset=\"http:\/\/wgphoto.pl\/t\/wp-content\/uploads\/2025\/07\/2001w-02_rsn.jpg 1300w, http:\/\/wgphoto.pl\/t\/wp-content\/uploads\/2025\/07\/2001w-02_rsn-300x200.jpg 300w, http:\/\/wgphoto.pl\/t\/wp-content\/uploads\/2025\/07\/2001w-02_rsn-768x512.jpg 768w\" sizes=\"auto, (max-width: 1300px) 100vw, 1300px\" \/><\/figure>\n\n\n\n<div class=\"wp-block-group has-global-padding is-layout-constrained wp-block-group-is-layout-constrained\">\n<p>EU07-060 z CM Pozna\u0144 z poci\u0105giem osobowym 67933 relacji Wroc\u0142aw G\u0142. &#8211; Pozna\u0144 G\u0142. mija Podg Grabiszyn we Wroc\u0142awiu. 10.11.2001<\/p>\n<\/div>\n","protected":false},"excerpt":{"rendered":"<p>EU07-060 z CM Pozna\u0144 z poci\u0105giem osobowym 67933 relacji Wroc\u0142aw G\u0142. &#8211; Pozna\u0144 G\u0142. mija Podg Grabiszyn we Wroc\u0142awiu. 10.11.2001<\/p>\n","protected":false},"author":1,"featured_media":20283,"comment_status":"open","ping_status":"","sticky":false,"template":"","format":"standard","meta":{"footnotes":""},"categories":[62,2,940],"tags":[4276,122,126,63,1544,27,190,41],"class_list":["post-20282","post","type-post","status-publish","format-standard","has-post-thumbnail","hentry","category-analog","category-kolej","category-rok-2001","tag-2001-11-10","tag-eu07","tag-jesien","tag-pkp","tag-podg-grabiszyn","tag-polska","tag-tab-pl330","tag-wroclaw"],"_links":{"self":[{"href":"http:\/\/wgphoto.pl\/t\/index.php?rest_route=\/wp\/v2\/posts\/20282","targetHints":{"allow":["GET"]}}],"collection":[{"href":"http:\/\/wgphoto.pl\/t\/index.php?rest_route=\/wp\/v2\/posts"}],"about":[{"href":"http:\/\/wgphoto.pl\/t\/index.php?rest_route=\/wp\/v2\/types\/post"}],"author":[{"embeddable":true,"href":"http:\/\/wgphoto.pl\/t\/index.php?rest_route=\/wp\/v2\/users\/1"}],"replies":[{"embeddable":true,"href":"http:\/\/wgphoto.pl\/t\/index.php?rest_route=%2Fwp%2Fv2%2Fcomments&post=20282"}],"version-history":[{"count":1,"href":"http:\/\/wgphoto.pl\/t\/index.php?rest_route=\/wp\/v2\/posts\/20282\/revisions"}],"predecessor-version":[{"id":20284,"href":"http:\/\/wgphoto.pl\/t\/index.php?rest_route=\/wp\/v2\/posts\/20282\/revisions\/20284"}],"wp:featuredmedia":[{"embeddable":true,"href":"http:\/\/wgphoto.pl\/t\/index.php?rest_route=\/wp\/v2\/media\/20283"}],"wp:attachment":[{"href":"http:\/\/wgphoto.pl\/t\/index.php?rest_route=%2Fwp%2Fv2%2Fmedia&parent=20282"}],"wp:term":[{"taxonomy":"category","embeddable":true,"href":"http:\/\/wgphoto.pl\/t\/index.php?rest_route=%2Fwp%2Fv2%2Fcategories&post=20282"},{"taxonomy":"post_tag","embeddable":true,"href":"http:\/\/wgphoto.pl\/t\/index.php?rest_route=%2Fwp%2Fv2%2Ftags&post=20282"}],"curies":[{"name":"wp","href":"https:\/\/api.w.org\/{rel}","templated":true}]}}