{"id":20294,"date":"2025-07-11T12:55:46","date_gmt":"2025-07-11T10:55:46","guid":{"rendered":"https:\/\/wgphoto.pl\/t\/?p=20294"},"modified":"2025-07-11T12:55:46","modified_gmt":"2025-07-11T10:55:46","slug":"porownanie-designu","status":"publish","type":"post","link":"http:\/\/wgphoto.pl\/t\/?p=20294","title":{"rendered":"Por\u00f3wnanie designu"},"content":{"rendered":"\n<figure class=\"wp-block-image aligncenter size-full\"><img loading=\"lazy\" decoding=\"async\" width=\"1300\" height=\"861\" src=\"https:\/\/wgphoto.pl\/t\/wp-content\/uploads\/2025\/07\/IMGP5012.jpg\" alt=\"\" class=\"wp-image-20295\" srcset=\"http:\/\/wgphoto.pl\/t\/wp-content\/uploads\/2025\/07\/IMGP5012.jpg 1300w, http:\/\/wgphoto.pl\/t\/wp-content\/uploads\/2025\/07\/IMGP5012-300x199.jpg 300w, http:\/\/wgphoto.pl\/t\/wp-content\/uploads\/2025\/07\/IMGP5012-768x509.jpg 768w\" sizes=\"auto, (max-width: 1300px) 100vw, 1300px\" \/><\/figure>\n\n\n\n<div class=\"wp-block-group has-global-padding is-layout-constrained wp-block-group-is-layout-constrained\">\n<p>Wroc\u0142aw, pl. Stanis\u0142awa Staszica, mijanka \u0160kody 19T 3122 w wykonaniu fabrycznym ze \u0160kod\u0105 16T 3006 po NG w firmie Saatz, kt\u00f3ra zmieni\u0142a nieco design \u015bcian czo\u0142owych. Czy na lepsze &#8211; to sprawa dyskusyjna. O ile pozbycie si\u0119 wg\u0142\u0119bie\u0144 podkre\u015blonych niebieskim paskiem w tramwaju z lewej by\u0142o dobrym krokiem, to akurat kszta\u0142tu \u015bwiate\u0142 bym nie rusza\u0142, gdy\u017c okaza\u0142 si\u0119 on tak udany, \u017ce skopiowa\u0142 go p\u00f3\u017aniej sam Siemens w tramwajach z rodziny Avenio. 29.10.2023<\/p>\n<\/div>\n","protected":false},"excerpt":{"rendered":"<p>Wroc\u0142aw, pl. Stanis\u0142awa Staszica, mijanka \u0160kody 19T 3122 w wykonaniu fabrycznym ze \u0160kod\u0105 16T 3006 po NG w firmie Saatz, kt\u00f3ra zmieni\u0142a nieco design \u015bcian czo\u0142owych. Czy na lepsze &#8211; to sprawa dyskusyjna. O ile pozbycie si\u0119 wg\u0142\u0119bie\u0144 podkre\u015blonych niebieskim paskiem w tramwaju z lewej by\u0142o dobrym krokiem, to akurat kszta\u0142tu \u015bwiate\u0142 bym nie rusza\u0142, [&hellip;]<\/p>\n","protected":false},"author":1,"featured_media":20295,"comment_status":"open","ping_status":"","sticky":false,"template":"","format":"standard","meta":{"footnotes":""},"categories":[6,3],"tags":[4263,126,389,42,27,215,1493,216,41,127],"class_list":["post-20294","post","type-post","status-publish","format-standard","has-post-thumbnail","hentry","category-2023r","category-tramwaj","tag-2023-10-29","tag-jesien","tag-mijanka","tag-mpk-wroclaw","tag-polska","tag-skoda-16t","tag-skoda-19t","tag-skoda-elektra","tag-wroclaw","tag-wroclawskie-e"],"_links":{"self":[{"href":"http:\/\/wgphoto.pl\/t\/index.php?rest_route=\/wp\/v2\/posts\/20294","targetHints":{"allow":["GET"]}}],"collection":[{"href":"http:\/\/wgphoto.pl\/t\/index.php?rest_route=\/wp\/v2\/posts"}],"about":[{"href":"http:\/\/wgphoto.pl\/t\/index.php?rest_route=\/wp\/v2\/types\/post"}],"author":[{"embeddable":true,"href":"http:\/\/wgphoto.pl\/t\/index.php?rest_route=\/wp\/v2\/users\/1"}],"replies":[{"embeddable":true,"href":"http:\/\/wgphoto.pl\/t\/index.php?rest_route=%2Fwp%2Fv2%2Fcomments&post=20294"}],"version-history":[{"count":1,"href":"http:\/\/wgphoto.pl\/t\/index.php?rest_route=\/wp\/v2\/posts\/20294\/revisions"}],"predecessor-version":[{"id":20296,"href":"http:\/\/wgphoto.pl\/t\/index.php?rest_route=\/wp\/v2\/posts\/20294\/revisions\/20296"}],"wp:featuredmedia":[{"embeddable":true,"href":"http:\/\/wgphoto.pl\/t\/index.php?rest_route=\/wp\/v2\/media\/20295"}],"wp:attachment":[{"href":"http:\/\/wgphoto.pl\/t\/index.php?rest_route=%2Fwp%2Fv2%2Fmedia&parent=20294"}],"wp:term":[{"taxonomy":"category","embeddable":true,"href":"http:\/\/wgphoto.pl\/t\/index.php?rest_route=%2Fwp%2Fv2%2Fcategories&post=20294"},{"taxonomy":"post_tag","embeddable":true,"href":"http:\/\/wgphoto.pl\/t\/index.php?rest_route=%2Fwp%2Fv2%2Ftags&post=20294"}],"curies":[{"name":"wp","href":"https:\/\/api.w.org\/{rel}","templated":true}]}}