{"id":20300,"date":"2025-07-11T12:57:44","date_gmt":"2025-07-11T10:57:44","guid":{"rendered":"https:\/\/wgphoto.pl\/t\/?p=20300"},"modified":"2025-07-11T12:57:44","modified_gmt":"2025-07-11T10:57:44","slug":"jesienny-dywan","status":"publish","type":"post","link":"http:\/\/wgphoto.pl\/t\/?p=20300","title":{"rendered":"Jesienny dywan"},"content":{"rendered":"\n<figure class=\"wp-block-image aligncenter size-full\"><img loading=\"lazy\" decoding=\"async\" width=\"1300\" height=\"861\" src=\"https:\/\/wgphoto.pl\/t\/wp-content\/uploads\/2025\/07\/IMGP5231.jpg\" alt=\"\" class=\"wp-image-20301\" srcset=\"http:\/\/wgphoto.pl\/t\/wp-content\/uploads\/2025\/07\/IMGP5231.jpg 1300w, http:\/\/wgphoto.pl\/t\/wp-content\/uploads\/2025\/07\/IMGP5231-300x199.jpg 300w, http:\/\/wgphoto.pl\/t\/wp-content\/uploads\/2025\/07\/IMGP5231-768x509.jpg 768w\" sizes=\"auto, (max-width: 1300px) 100vw, 1300px\" \/><\/figure>\n\n\n\n<div class=\"wp-block-group has-global-padding is-layout-constrained wp-block-group-is-layout-constrained\">\n<p>Wroc\u0142aw, al. Ignacego Jana Paderewskiego. Moderus Gamma LF07AC 3327 przeje\u017cd\u017ca po jesiennym dywanie, kt\u00f3ry wczoraj wypatrzy\u0142em z kabiny i nie mog\u0142em sobie odm\u00f3wi\u0107 wykorzystania go fotograficznie. 12.11.2023<\/p>\n<\/div>\n","protected":false},"excerpt":{"rendered":"<p>Wroc\u0142aw, al. Ignacego Jana Paderewskiego. Moderus Gamma LF07AC 3327 przeje\u017cd\u017ca po jesiennym dywanie, kt\u00f3ry wczoraj wypatrzy\u0142em z kabiny i nie mog\u0142em sobie odm\u00f3wi\u0107 wykorzystania go fotograficznie. 12.11.2023<\/p>\n","protected":false},"author":1,"featured_media":20301,"comment_status":"open","ping_status":"","sticky":false,"template":"","format":"standard","meta":{"footnotes":""},"categories":[6,3],"tags":[4279,126,240,42,27,41],"class_list":["post-20300","post","type-post","status-publish","format-standard","has-post-thumbnail","hentry","category-2023r","category-tramwaj","tag-2023-11-12","tag-jesien","tag-moderus-gamma","tag-mpk-wroclaw","tag-polska","tag-wroclaw"],"_links":{"self":[{"href":"http:\/\/wgphoto.pl\/t\/index.php?rest_route=\/wp\/v2\/posts\/20300","targetHints":{"allow":["GET"]}}],"collection":[{"href":"http:\/\/wgphoto.pl\/t\/index.php?rest_route=\/wp\/v2\/posts"}],"about":[{"href":"http:\/\/wgphoto.pl\/t\/index.php?rest_route=\/wp\/v2\/types\/post"}],"author":[{"embeddable":true,"href":"http:\/\/wgphoto.pl\/t\/index.php?rest_route=\/wp\/v2\/users\/1"}],"replies":[{"embeddable":true,"href":"http:\/\/wgphoto.pl\/t\/index.php?rest_route=%2Fwp%2Fv2%2Fcomments&post=20300"}],"version-history":[{"count":1,"href":"http:\/\/wgphoto.pl\/t\/index.php?rest_route=\/wp\/v2\/posts\/20300\/revisions"}],"predecessor-version":[{"id":20302,"href":"http:\/\/wgphoto.pl\/t\/index.php?rest_route=\/wp\/v2\/posts\/20300\/revisions\/20302"}],"wp:featuredmedia":[{"embeddable":true,"href":"http:\/\/wgphoto.pl\/t\/index.php?rest_route=\/wp\/v2\/media\/20301"}],"wp:attachment":[{"href":"http:\/\/wgphoto.pl\/t\/index.php?rest_route=%2Fwp%2Fv2%2Fmedia&parent=20300"}],"wp:term":[{"taxonomy":"category","embeddable":true,"href":"http:\/\/wgphoto.pl\/t\/index.php?rest_route=%2Fwp%2Fv2%2Fcategories&post=20300"},{"taxonomy":"post_tag","embeddable":true,"href":"http:\/\/wgphoto.pl\/t\/index.php?rest_route=%2Fwp%2Fv2%2Ftags&post=20300"}],"curies":[{"name":"wp","href":"https:\/\/api.w.org\/{rel}","templated":true}]}}