{"id":20306,"date":"2025-07-11T12:59:39","date_gmt":"2025-07-11T10:59:39","guid":{"rendered":"https:\/\/wgphoto.pl\/t\/?p=20306"},"modified":"2025-07-11T13:07:30","modified_gmt":"2025-07-11T11:07:30","slug":"byc-moze-ostatni","status":"publish","type":"post","link":"http:\/\/wgphoto.pl\/t\/?p=20306","title":{"rendered":"By\u0107 mo\u017ce ostatni"},"content":{"rendered":"\n<figure class=\"wp-block-image aligncenter size-full\"><img loading=\"lazy\" decoding=\"async\" width=\"1300\" height=\"861\" src=\"https:\/\/wgphoto.pl\/t\/wp-content\/uploads\/2025\/07\/IMGP0092.jpg\" alt=\"\" class=\"wp-image-20308\" srcset=\"http:\/\/wgphoto.pl\/t\/wp-content\/uploads\/2025\/07\/IMGP0092.jpg 1300w, http:\/\/wgphoto.pl\/t\/wp-content\/uploads\/2025\/07\/IMGP0092-300x199.jpg 300w, http:\/\/wgphoto.pl\/t\/wp-content\/uploads\/2025\/07\/IMGP0092-768x509.jpg 768w\" sizes=\"auto, (max-width: 1300px) 100vw, 1300px\" \/><\/figure>\n\n\n\n<div class=\"wp-block-group has-global-padding is-layout-constrained wp-block-group-is-layout-constrained\">\n<p>Brno, N\u00e1dra\u017en\u00ed ul. Tatra K2T 1038 odje\u017cd\u017ca spod dworca g\u0142\u00f3wnego. Jest to najprawdopodobniej moje ostatnie foto przegubowej Tatry w regularnym ruchu w Brnie. Wagon odstawiono dwa lata p\u00f3\u017aniej, ale nie skupia\u0142em si\u0119 na uwiecznianiu ko\u0144ca eksploatacji <em>kadw\u00f3jek<\/em>, poniewa\u017c mam wiele starszych zdj\u0119\u0107 z tymi pojazdami. 30.08.2020<\/p>\n<\/div>\n","protected":false},"excerpt":{"rendered":"<p>Brno, N\u00e1dra\u017en\u00ed ul. Tatra K2T 1038 odje\u017cd\u017ca spod dworca g\u0142\u00f3wnego. Jest to najprawdopodobniej moje ostatnie foto przegubowej Tatry w regularnym ruchu w Brnie. Wagon odstawiono dwa lata p\u00f3\u017aniej, ale nie skupia\u0142em si\u0119 na uwiecznianiu ko\u0144ca eksploatacji kadw\u00f3jek, poniewa\u017c mam wiele starszych zdj\u0119\u0107 z tymi pojazdami. 30.08.2020<\/p>\n","protected":false},"author":1,"featured_media":20308,"comment_status":"open","ping_status":"","sticky":false,"template":"","format":"standard","meta":{"footnotes":""},"categories":[676,3],"tags":[1943,328,49,330,1942,380,994],"class_list":["post-20306","post","type-post","status-publish","format-standard","has-post-thumbnail","hentry","category-rok-2020","category-tramwaj","tag-2020-08-30","tag-brno","tag-czechy","tag-dpmb-brno","tag-morawy-2020","tag-spod-dworca","tag-tatra-k2"],"_links":{"self":[{"href":"http:\/\/wgphoto.pl\/t\/index.php?rest_route=\/wp\/v2\/posts\/20306","targetHints":{"allow":["GET"]}}],"collection":[{"href":"http:\/\/wgphoto.pl\/t\/index.php?rest_route=\/wp\/v2\/posts"}],"about":[{"href":"http:\/\/wgphoto.pl\/t\/index.php?rest_route=\/wp\/v2\/types\/post"}],"author":[{"embeddable":true,"href":"http:\/\/wgphoto.pl\/t\/index.php?rest_route=\/wp\/v2\/users\/1"}],"replies":[{"embeddable":true,"href":"http:\/\/wgphoto.pl\/t\/index.php?rest_route=%2Fwp%2Fv2%2Fcomments&post=20306"}],"version-history":[{"count":1,"href":"http:\/\/wgphoto.pl\/t\/index.php?rest_route=\/wp\/v2\/posts\/20306\/revisions"}],"predecessor-version":[{"id":20309,"href":"http:\/\/wgphoto.pl\/t\/index.php?rest_route=\/wp\/v2\/posts\/20306\/revisions\/20309"}],"wp:featuredmedia":[{"embeddable":true,"href":"http:\/\/wgphoto.pl\/t\/index.php?rest_route=\/wp\/v2\/media\/20308"}],"wp:attachment":[{"href":"http:\/\/wgphoto.pl\/t\/index.php?rest_route=%2Fwp%2Fv2%2Fmedia&parent=20306"}],"wp:term":[{"taxonomy":"category","embeddable":true,"href":"http:\/\/wgphoto.pl\/t\/index.php?rest_route=%2Fwp%2Fv2%2Fcategories&post=20306"},{"taxonomy":"post_tag","embeddable":true,"href":"http:\/\/wgphoto.pl\/t\/index.php?rest_route=%2Fwp%2Fv2%2Ftags&post=20306"}],"curies":[{"name":"wp","href":"https:\/\/api.w.org\/{rel}","templated":true}]}}