{"id":20310,"date":"2025-07-11T13:01:00","date_gmt":"2025-07-11T11:01:00","guid":{"rendered":"https:\/\/wgphoto.pl\/t\/?p=20310"},"modified":"2025-07-11T13:01:00","modified_gmt":"2025-07-11T11:01:00","slug":"sny-o-potedze","status":"publish","type":"post","link":"http:\/\/wgphoto.pl\/t\/?p=20310","title":{"rendered":"Sny o pot\u0119dze"},"content":{"rendered":"\n<figure class=\"wp-block-image aligncenter size-full\"><img loading=\"lazy\" decoding=\"async\" width=\"1300\" height=\"861\" src=\"https:\/\/wgphoto.pl\/t\/wp-content\/uploads\/2025\/07\/IMGP0219.jpg\" alt=\"\" class=\"wp-image-20311\" srcset=\"http:\/\/wgphoto.pl\/t\/wp-content\/uploads\/2025\/07\/IMGP0219.jpg 1300w, http:\/\/wgphoto.pl\/t\/wp-content\/uploads\/2025\/07\/IMGP0219-300x199.jpg 300w, http:\/\/wgphoto.pl\/t\/wp-content\/uploads\/2025\/07\/IMGP0219-768x509.jpg 768w\" sizes=\"auto, (max-width: 1300px) 100vw, 1300px\" \/><\/figure>\n\n\n\n<div class=\"wp-block-group has-global-padding is-layout-constrained wp-block-group-is-layout-constrained\">\n<p>Gosselies, Faubourg de Bruxelles. Wagon 7409 odjedzie wkr\u00f3tce z kra\u0144ca linii M3 w stron\u0119 Charleroi. Tramwaje podmiejskie dociera\u0142y tutaj, w ramach sieci podobnej do tramwaj\u00f3w g\u00f3rno\u015bl\u0105skich, do roku 1988, przy czym po\u0142owa dawnej trasy mi\u0119dzy Charleroi a Jumet pozosta\u0142a w u\u017cyciu jako techniczne po\u0142\u0105czenie &#8222;metra&#8221; z zajezdni\u0105. Docelowo mia\u0142a tu dotrze\u0107 nowa linia metra, budowanego od lat 70-tych XX wieku, jednak nie wystarczy\u0142o na to zapa\u0142u i ostatecznie tramwaj, kursuj\u0105cy po dawnym przebiegu z niewielkimi zmianami, powr\u00f3ci\u0142 w roku 2013. To i tak szcz\u0119\u015bliwe zako\u0144czenie snu o sieci metra. 14.08.2018<\/p>\n<\/div>\n","protected":false},"excerpt":{"rendered":"<p>Gosselies, Faubourg de Bruxelles. Wagon 7409 odjedzie wkr\u00f3tce z kra\u0144ca linii M3 w stron\u0119 Charleroi. Tramwaje podmiejskie dociera\u0142y tutaj, w ramach sieci podobnej do tramwaj\u00f3w g\u00f3rno\u015bl\u0105skich, do roku 1988, przy czym po\u0142owa dawnej trasy mi\u0119dzy Charleroi a Jumet pozosta\u0142a w u\u017cyciu jako techniczne po\u0142\u0105czenie &#8222;metra&#8221; z zajezdni\u0105. Docelowo mia\u0142a tu dotrze\u0107 nowa linia metra, budowanego [&hellip;]<\/p>\n","protected":false},"author":1,"featured_media":20311,"comment_status":"open","ping_status":"","sticky":false,"template":"","format":"standard","meta":{"footnotes":""},"categories":[156,3],"tags":[1216,695,696,814,812,230,813],"class_list":["post-20310","post","type-post","status-publish","format-standard","has-post-thumbnail","hentry","category-rok-2018","category-tramwaj","tag-2018-08-14","tag-belgia","tag-belgia-2018","tag-bn-lrv","tag-charleroi","tag-infrastruktura","tag-tec-charleroi"],"_links":{"self":[{"href":"http:\/\/wgphoto.pl\/t\/index.php?rest_route=\/wp\/v2\/posts\/20310","targetHints":{"allow":["GET"]}}],"collection":[{"href":"http:\/\/wgphoto.pl\/t\/index.php?rest_route=\/wp\/v2\/posts"}],"about":[{"href":"http:\/\/wgphoto.pl\/t\/index.php?rest_route=\/wp\/v2\/types\/post"}],"author":[{"embeddable":true,"href":"http:\/\/wgphoto.pl\/t\/index.php?rest_route=\/wp\/v2\/users\/1"}],"replies":[{"embeddable":true,"href":"http:\/\/wgphoto.pl\/t\/index.php?rest_route=%2Fwp%2Fv2%2Fcomments&post=20310"}],"version-history":[{"count":1,"href":"http:\/\/wgphoto.pl\/t\/index.php?rest_route=\/wp\/v2\/posts\/20310\/revisions"}],"predecessor-version":[{"id":20312,"href":"http:\/\/wgphoto.pl\/t\/index.php?rest_route=\/wp\/v2\/posts\/20310\/revisions\/20312"}],"wp:featuredmedia":[{"embeddable":true,"href":"http:\/\/wgphoto.pl\/t\/index.php?rest_route=\/wp\/v2\/media\/20311"}],"wp:attachment":[{"href":"http:\/\/wgphoto.pl\/t\/index.php?rest_route=%2Fwp%2Fv2%2Fmedia&parent=20310"}],"wp:term":[{"taxonomy":"category","embeddable":true,"href":"http:\/\/wgphoto.pl\/t\/index.php?rest_route=%2Fwp%2Fv2%2Fcategories&post=20310"},{"taxonomy":"post_tag","embeddable":true,"href":"http:\/\/wgphoto.pl\/t\/index.php?rest_route=%2Fwp%2Fv2%2Ftags&post=20310"}],"curies":[{"name":"wp","href":"https:\/\/api.w.org\/{rel}","templated":true}]}}