{"id":20313,"date":"2025-07-11T13:01:58","date_gmt":"2025-07-11T11:01:58","guid":{"rendered":"https:\/\/wgphoto.pl\/t\/?p=20313"},"modified":"2025-07-11T13:01:58","modified_gmt":"2025-07-11T11:01:58","slug":"osobowy-w-niwnicach","status":"publish","type":"post","link":"http:\/\/wgphoto.pl\/t\/?p=20313","title":{"rendered":"Osobowy w Niwnicach"},"content":{"rendered":"\n<figure class=\"wp-block-image aligncenter size-full\"><img loading=\"lazy\" decoding=\"async\" width=\"1300\" height=\"862\" src=\"https:\/\/wgphoto.pl\/t\/wp-content\/uploads\/2025\/07\/0738-10.jpg\" alt=\"\" class=\"wp-image-20314\" srcset=\"http:\/\/wgphoto.pl\/t\/wp-content\/uploads\/2025\/07\/0738-10.jpg 1300w, http:\/\/wgphoto.pl\/t\/wp-content\/uploads\/2025\/07\/0738-10-300x199.jpg 300w, http:\/\/wgphoto.pl\/t\/wp-content\/uploads\/2025\/07\/0738-10-768x509.jpg 768w\" sizes=\"auto, (max-width: 1300px) 100vw, 1300px\" \/><\/figure>\n\n\n\n<div class=\"wp-block-group has-global-padding is-layout-constrained wp-block-group-is-layout-constrained\">\n<p>SU42-537 z poci\u0105giem osobowym 22433 relacji Jelenia G\u00f3ra &#8211; Boles\u0142awiec rusza w dalsz\u0105 drog\u0119 z Niwnic. 09.12.2007<\/p>\n<\/div>\n","protected":false},"excerpt":{"rendered":"<p>SU42-537 z poci\u0105giem osobowym 22433 relacji Jelenia G\u00f3ra &#8211; Boles\u0142awiec rusza w dalsz\u0105 drog\u0119 z Niwnic. 09.12.2007<\/p>\n","protected":false},"author":1,"featured_media":20314,"comment_status":"open","ping_status":"","sticky":false,"template":"","format":"standard","meta":{"footnotes":""},"categories":[62,2,96],"tags":[2355,2008,63,27,250,53,363],"class_list":["post-20313","post","type-post","status-publish","format-standard","has-post-thumbnail","hentry","category-analog","category-kolej","category-rok-2007","tag-2007-12-09","tag-niwnice","tag-pkp","tag-polska","tag-su42","tag-sygnalizacja-ksztaltowa","tag-tab-pl250"],"_links":{"self":[{"href":"http:\/\/wgphoto.pl\/t\/index.php?rest_route=\/wp\/v2\/posts\/20313","targetHints":{"allow":["GET"]}}],"collection":[{"href":"http:\/\/wgphoto.pl\/t\/index.php?rest_route=\/wp\/v2\/posts"}],"about":[{"href":"http:\/\/wgphoto.pl\/t\/index.php?rest_route=\/wp\/v2\/types\/post"}],"author":[{"embeddable":true,"href":"http:\/\/wgphoto.pl\/t\/index.php?rest_route=\/wp\/v2\/users\/1"}],"replies":[{"embeddable":true,"href":"http:\/\/wgphoto.pl\/t\/index.php?rest_route=%2Fwp%2Fv2%2Fcomments&post=20313"}],"version-history":[{"count":1,"href":"http:\/\/wgphoto.pl\/t\/index.php?rest_route=\/wp\/v2\/posts\/20313\/revisions"}],"predecessor-version":[{"id":20315,"href":"http:\/\/wgphoto.pl\/t\/index.php?rest_route=\/wp\/v2\/posts\/20313\/revisions\/20315"}],"wp:featuredmedia":[{"embeddable":true,"href":"http:\/\/wgphoto.pl\/t\/index.php?rest_route=\/wp\/v2\/media\/20314"}],"wp:attachment":[{"href":"http:\/\/wgphoto.pl\/t\/index.php?rest_route=%2Fwp%2Fv2%2Fmedia&parent=20313"}],"wp:term":[{"taxonomy":"category","embeddable":true,"href":"http:\/\/wgphoto.pl\/t\/index.php?rest_route=%2Fwp%2Fv2%2Fcategories&post=20313"},{"taxonomy":"post_tag","embeddable":true,"href":"http:\/\/wgphoto.pl\/t\/index.php?rest_route=%2Fwp%2Fv2%2Ftags&post=20313"}],"curies":[{"name":"wp","href":"https:\/\/api.w.org\/{rel}","templated":true}]}}