{"id":20334,"date":"2025-07-11T16:30:23","date_gmt":"2025-07-11T14:30:23","guid":{"rendered":"https:\/\/wgphoto.pl\/t\/?p=20334"},"modified":"2025-07-12T12:36:28","modified_gmt":"2025-07-12T10:36:28","slug":"rozjazd-z-przeplotem-3","status":"publish","type":"post","link":"http:\/\/wgphoto.pl\/t\/?p=20334","title":{"rendered":"Rozjazd z przeplotem"},"content":{"rendered":"\n<figure class=\"wp-block-image aligncenter size-full\"><img loading=\"lazy\" decoding=\"async\" width=\"1300\" height=\"870\" src=\"https:\/\/wgphoto.pl\/t\/wp-content\/uploads\/2025\/07\/IMGP7503-2.jpg\" alt=\"\" class=\"wp-image-20335\" srcset=\"http:\/\/wgphoto.pl\/t\/wp-content\/uploads\/2025\/07\/IMGP7503-2.jpg 1300w, http:\/\/wgphoto.pl\/t\/wp-content\/uploads\/2025\/07\/IMGP7503-2-300x201.jpg 300w, http:\/\/wgphoto.pl\/t\/wp-content\/uploads\/2025\/07\/IMGP7503-2-768x514.jpg 768w\" sizes=\"auto, (max-width: 1300px) 100vw, 1300px\" \/><\/figure>\n\n\n\n<div class=\"wp-block-group has-global-padding is-layout-constrained wp-block-group-is-layout-constrained\">\n<p>Wagon nr 560 skr\u0119ca z Rua da Concei\u00e7\u00e3o w Rua da Prata w Lizbonie, korzystaj\u0105c z ciekawego rozwi\u0105zania, jakim jest tytu\u0142owy rozjazd z przeplotem. Rozwi\u0105zanie takie pozwala wykona\u0107 manewr skr\u0119tu w ciasnej zabudowie. 07.09.2010<\/p>\n<\/div>\n","protected":false},"excerpt":{"rendered":"<p>Wagon nr 560 skr\u0119ca z Rua da Concei\u00e7\u00e3o w Rua da Prata w Lizbonie, korzystaj\u0105c z ciekawego rozwi\u0105zania, jakim jest tytu\u0142owy rozjazd z przeplotem. Rozwi\u0105zanie takie pozwala wykona\u0107 manewr skr\u0119tu w ciasnej zabudowie. 07.09.2010<\/p>\n","protected":false},"author":1,"featured_media":20335,"comment_status":"open","ping_status":"","sticky":false,"template":"","format":"standard","meta":{"footnotes":""},"categories":[86,3],"tags":[1430,299,230,298,151,297,588],"class_list":["post-20334","post","type-post","status-publish","format-standard","has-post-thumbnail","hentry","category-rok-2010","category-tramwaj","tag-2010-09-07","tag-carris-lisboa","tag-infrastruktura","tag-lizbona","tag-ludzie","tag-portugalia","tag-remodelado"],"_links":{"self":[{"href":"http:\/\/wgphoto.pl\/t\/index.php?rest_route=\/wp\/v2\/posts\/20334","targetHints":{"allow":["GET"]}}],"collection":[{"href":"http:\/\/wgphoto.pl\/t\/index.php?rest_route=\/wp\/v2\/posts"}],"about":[{"href":"http:\/\/wgphoto.pl\/t\/index.php?rest_route=\/wp\/v2\/types\/post"}],"author":[{"embeddable":true,"href":"http:\/\/wgphoto.pl\/t\/index.php?rest_route=\/wp\/v2\/users\/1"}],"replies":[{"embeddable":true,"href":"http:\/\/wgphoto.pl\/t\/index.php?rest_route=%2Fwp%2Fv2%2Fcomments&post=20334"}],"version-history":[{"count":1,"href":"http:\/\/wgphoto.pl\/t\/index.php?rest_route=\/wp\/v2\/posts\/20334\/revisions"}],"predecessor-version":[{"id":20336,"href":"http:\/\/wgphoto.pl\/t\/index.php?rest_route=\/wp\/v2\/posts\/20334\/revisions\/20336"}],"wp:featuredmedia":[{"embeddable":true,"href":"http:\/\/wgphoto.pl\/t\/index.php?rest_route=\/wp\/v2\/media\/20335"}],"wp:attachment":[{"href":"http:\/\/wgphoto.pl\/t\/index.php?rest_route=%2Fwp%2Fv2%2Fmedia&parent=20334"}],"wp:term":[{"taxonomy":"category","embeddable":true,"href":"http:\/\/wgphoto.pl\/t\/index.php?rest_route=%2Fwp%2Fv2%2Fcategories&post=20334"},{"taxonomy":"post_tag","embeddable":true,"href":"http:\/\/wgphoto.pl\/t\/index.php?rest_route=%2Fwp%2Fv2%2Ftags&post=20334"}],"curies":[{"name":"wp","href":"https:\/\/api.w.org\/{rel}","templated":true}]}}