{"id":20340,"date":"2025-07-11T16:32:03","date_gmt":"2025-07-11T14:32:03","guid":{"rendered":"https:\/\/wgphoto.pl\/t\/?p=20340"},"modified":"2025-07-11T16:32:03","modified_gmt":"2025-07-11T14:32:03","slug":"cztery-dwojki","status":"publish","type":"post","link":"http:\/\/wgphoto.pl\/t\/?p=20340","title":{"rendered":"Cztery dw\u00f3jki"},"content":{"rendered":"\n<figure class=\"wp-block-image aligncenter size-full\"><img loading=\"lazy\" decoding=\"async\" width=\"1300\" height=\"867\" src=\"https:\/\/wgphoto.pl\/t\/wp-content\/uploads\/2025\/07\/2001w-23_rsn.jpg\" alt=\"\" class=\"wp-image-20341\" srcset=\"http:\/\/wgphoto.pl\/t\/wp-content\/uploads\/2025\/07\/2001w-23_rsn.jpg 1300w, http:\/\/wgphoto.pl\/t\/wp-content\/uploads\/2025\/07\/2001w-23_rsn-300x200.jpg 300w, http:\/\/wgphoto.pl\/t\/wp-content\/uploads\/2025\/07\/2001w-23_rsn-768x512.jpg 768w\" sizes=\"auto, (max-width: 1300px) 100vw, 1300px\" \/><\/figure>\n\n\n\n<div class=\"wp-block-group has-global-padding is-layout-constrained wp-block-group-is-layout-constrained\">\n<p>Wroc\u0142aw, p\u0119tla Krzyki, sk\u0142ad 105Na 2222+2223 w promocji na linii 6, kt\u00f3ra by\u0142a planowo obs\u0142ugiwana stodw\u00f3jkami. 25.11.2001<\/p>\n<\/div>\n","protected":false},"excerpt":{"rendered":"<p>Wroc\u0142aw, p\u0119tla Krzyki, sk\u0142ad 105Na 2222+2223 w promocji na linii 6, kt\u00f3ra by\u0142a planowo obs\u0142ugiwana stodw\u00f3jkami. 25.11.2001<\/p>\n","protected":false},"author":1,"featured_media":20341,"comment_status":"open","ping_status":"","sticky":false,"template":"","format":"standard","meta":{"footnotes":""},"categories":[62,940,3],"tags":[155,4282,126,42,27,438,41],"class_list":["post-20340","post","type-post","status-publish","format-standard","has-post-thumbnail","hentry","category-analog","category-rok-2001","category-tramwaj","tag-105na","tag-2001-11-25","tag-jesien","tag-mpk-wroclaw","tag-polska","tag-portret-z-petli","tag-wroclaw"],"_links":{"self":[{"href":"http:\/\/wgphoto.pl\/t\/index.php?rest_route=\/wp\/v2\/posts\/20340","targetHints":{"allow":["GET"]}}],"collection":[{"href":"http:\/\/wgphoto.pl\/t\/index.php?rest_route=\/wp\/v2\/posts"}],"about":[{"href":"http:\/\/wgphoto.pl\/t\/index.php?rest_route=\/wp\/v2\/types\/post"}],"author":[{"embeddable":true,"href":"http:\/\/wgphoto.pl\/t\/index.php?rest_route=\/wp\/v2\/users\/1"}],"replies":[{"embeddable":true,"href":"http:\/\/wgphoto.pl\/t\/index.php?rest_route=%2Fwp%2Fv2%2Fcomments&post=20340"}],"version-history":[{"count":1,"href":"http:\/\/wgphoto.pl\/t\/index.php?rest_route=\/wp\/v2\/posts\/20340\/revisions"}],"predecessor-version":[{"id":20342,"href":"http:\/\/wgphoto.pl\/t\/index.php?rest_route=\/wp\/v2\/posts\/20340\/revisions\/20342"}],"wp:featuredmedia":[{"embeddable":true,"href":"http:\/\/wgphoto.pl\/t\/index.php?rest_route=\/wp\/v2\/media\/20341"}],"wp:attachment":[{"href":"http:\/\/wgphoto.pl\/t\/index.php?rest_route=%2Fwp%2Fv2%2Fmedia&parent=20340"}],"wp:term":[{"taxonomy":"category","embeddable":true,"href":"http:\/\/wgphoto.pl\/t\/index.php?rest_route=%2Fwp%2Fv2%2Fcategories&post=20340"},{"taxonomy":"post_tag","embeddable":true,"href":"http:\/\/wgphoto.pl\/t\/index.php?rest_route=%2Fwp%2Fv2%2Ftags&post=20340"}],"curies":[{"name":"wp","href":"https:\/\/api.w.org\/{rel}","templated":true}]}}