{"id":2042,"date":"2024-10-07T17:44:59","date_gmt":"2024-10-07T15:44:59","guid":{"rendered":"https:\/\/wgphoto.pl\/t\/?p=2042"},"modified":"2024-10-07T17:44:59","modified_gmt":"2024-10-07T15:44:59","slug":"wagon-panoramiczny-2","status":"publish","type":"post","link":"http:\/\/wgphoto.pl\/t\/?p=2042","title":{"rendered":"Wagon panoramiczny (2)"},"content":{"rendered":"\n<figure class=\"wp-block-image aligncenter size-full\"><img loading=\"lazy\" decoding=\"async\" width=\"1200\" height=\"795\" src=\"http:\/\/wgphoto.pl\/t\/wp-content\/uploads\/2024\/10\/IMGP8221.jpg\" alt=\"\" class=\"wp-image-2043\"\/><\/figure>\n\n\n\n<div class=\"wp-block-group has-global-padding is-layout-constrained wp-block-group-is-layout-constrained\">\n<p>W przedziale panoramicznym s\u0105 tu tylko rozk\u0142adane, ma\u0142o wygodne siedzenia (rz\u0105d po\u015brodku wagonu), ide\u0105 przedzia\u0142u jest umo\u017cliwienie wszystkim podr\u00f3\u017cnym zaznania przez chwil\u0119 luksusu panoramicznego widoku. W trakcie jazdy ch\u0119tni przychodz\u0105 tu sobie na kilka minut. 25.03.2018<\/p>\n<\/div>\n","protected":false},"excerpt":{"rendered":"<p>W przedziale panoramicznym s\u0105 tu tylko rozk\u0142adane, ma\u0142o wygodne siedzenia (rz\u0105d po\u015brodku wagonu), ide\u0105 przedzia\u0142u jest umo\u017cliwienie wszystkim podr\u00f3\u017cnym zaznania przez chwil\u0119 luksusu panoramicznego widoku. W trakcie jazdy ch\u0119tni przychodz\u0105 tu sobie na kilka minut. 25.03.2018<\/p>\n","protected":false},"author":1,"featured_media":2043,"comment_status":"open","ping_status":"","sticky":false,"template":"","format":"standard","meta":{"footnotes":""},"categories":[220,2,156],"tags":[1063,737,183,186,454],"class_list":["post-2042","post","type-post","status-publish","format-standard","has-post-thumbnail","hentry","category-blo","category-kolej","category-rok-2018","tag-2018-03-25","tag-rhatische-bahn","tag-suissetrip-2018","tag-szwajcaria","tag-wnetrza-pojazdow"],"_links":{"self":[{"href":"http:\/\/wgphoto.pl\/t\/index.php?rest_route=\/wp\/v2\/posts\/2042","targetHints":{"allow":["GET"]}}],"collection":[{"href":"http:\/\/wgphoto.pl\/t\/index.php?rest_route=\/wp\/v2\/posts"}],"about":[{"href":"http:\/\/wgphoto.pl\/t\/index.php?rest_route=\/wp\/v2\/types\/post"}],"author":[{"embeddable":true,"href":"http:\/\/wgphoto.pl\/t\/index.php?rest_route=\/wp\/v2\/users\/1"}],"replies":[{"embeddable":true,"href":"http:\/\/wgphoto.pl\/t\/index.php?rest_route=%2Fwp%2Fv2%2Fcomments&post=2042"}],"version-history":[{"count":1,"href":"http:\/\/wgphoto.pl\/t\/index.php?rest_route=\/wp\/v2\/posts\/2042\/revisions"}],"predecessor-version":[{"id":2044,"href":"http:\/\/wgphoto.pl\/t\/index.php?rest_route=\/wp\/v2\/posts\/2042\/revisions\/2044"}],"wp:featuredmedia":[{"embeddable":true,"href":"http:\/\/wgphoto.pl\/t\/index.php?rest_route=\/wp\/v2\/media\/2043"}],"wp:attachment":[{"href":"http:\/\/wgphoto.pl\/t\/index.php?rest_route=%2Fwp%2Fv2%2Fmedia&parent=2042"}],"wp:term":[{"taxonomy":"category","embeddable":true,"href":"http:\/\/wgphoto.pl\/t\/index.php?rest_route=%2Fwp%2Fv2%2Fcategories&post=2042"},{"taxonomy":"post_tag","embeddable":true,"href":"http:\/\/wgphoto.pl\/t\/index.php?rest_route=%2Fwp%2Fv2%2Ftags&post=2042"}],"curies":[{"name":"wp","href":"https:\/\/api.w.org\/{rel}","templated":true}]}}