{"id":2045,"date":"2024-10-07T17:46:00","date_gmt":"2024-10-07T15:46:00","guid":{"rendered":"https:\/\/wgphoto.pl\/t\/?p=2045"},"modified":"2024-10-07T17:46:00","modified_gmt":"2024-10-07T15:46:00","slug":"szwajcarski-ic-wagonowy","status":"publish","type":"post","link":"http:\/\/wgphoto.pl\/t\/?p=2045","title":{"rendered":"Szwajcarski IC wagonowy"},"content":{"rendered":"\n<figure class=\"wp-block-image aligncenter size-full\"><img loading=\"lazy\" decoding=\"async\" width=\"1200\" height=\"795\" src=\"https:\/\/wgphoto.pl\/t\/wp-content\/uploads\/2024\/10\/IMGP8515.jpg\" alt=\"\" class=\"wp-image-2046\" srcset=\"http:\/\/wgphoto.pl\/t\/wp-content\/uploads\/2024\/10\/IMGP8515.jpg 1200w, http:\/\/wgphoto.pl\/t\/wp-content\/uploads\/2024\/10\/IMGP8515-300x199.jpg 300w, http:\/\/wgphoto.pl\/t\/wp-content\/uploads\/2024\/10\/IMGP8515-768x509.jpg 768w\" sizes=\"auto, (max-width: 1200px) 100vw, 1200px\" \/><\/figure>\n\n\n\n<div class=\"wp-block-group has-global-padding is-layout-constrained wp-block-group-is-layout-constrained\">\n<p>Standardowy wagon 2 klasy w poci\u0105gu IC, zestawianym z klasycznych wagon\u00f3w i lokomotywy. Fotele s\u0105 wygodne, chocia\u017c nie przystaj\u0105 do lansowanego w Polsce presti\u017cu poci\u0105g\u00f3w IC. W Szwajcarii to zwyczajny po\u015bpiech, r\u00f3\u017cni\u0105cy si\u0119 od poci\u0105gu regionalnego tylko mniejsz\u0105 liczb\u0105 postoj\u00f3w i tym samym czasem przejazdu. 27.03.2018<\/p>\n<\/div>\n","protected":false},"excerpt":{"rendered":"<p>Standardowy wagon 2 klasy w poci\u0105gu IC, zestawianym z klasycznych wagon\u00f3w i lokomotywy. Fotele s\u0105 wygodne, chocia\u017c nie przystaj\u0105 do lansowanego w Polsce presti\u017cu poci\u0105g\u00f3w IC. W Szwajcarii to zwyczajny po\u015bpiech, r\u00f3\u017cni\u0105cy si\u0119 od poci\u0105gu regionalnego tylko mniejsz\u0105 liczb\u0105 postoj\u00f3w i tym samym czasem przejazdu. 27.03.2018<\/p>\n","protected":false},"author":1,"featured_media":2046,"comment_status":"open","ping_status":"","sticky":false,"template":"","format":"standard","meta":{"footnotes":""},"categories":[220,2,156],"tags":[545,1059,183,186,454],"class_list":["post-2045","post","type-post","status-publish","format-standard","has-post-thumbnail","hentry","category-blo","category-kolej","category-rok-2018","tag-2018-03-27","tag-sbb","tag-suissetrip-2018","tag-szwajcaria","tag-wnetrza-pojazdow"],"_links":{"self":[{"href":"http:\/\/wgphoto.pl\/t\/index.php?rest_route=\/wp\/v2\/posts\/2045","targetHints":{"allow":["GET"]}}],"collection":[{"href":"http:\/\/wgphoto.pl\/t\/index.php?rest_route=\/wp\/v2\/posts"}],"about":[{"href":"http:\/\/wgphoto.pl\/t\/index.php?rest_route=\/wp\/v2\/types\/post"}],"author":[{"embeddable":true,"href":"http:\/\/wgphoto.pl\/t\/index.php?rest_route=\/wp\/v2\/users\/1"}],"replies":[{"embeddable":true,"href":"http:\/\/wgphoto.pl\/t\/index.php?rest_route=%2Fwp%2Fv2%2Fcomments&post=2045"}],"version-history":[{"count":1,"href":"http:\/\/wgphoto.pl\/t\/index.php?rest_route=\/wp\/v2\/posts\/2045\/revisions"}],"predecessor-version":[{"id":2047,"href":"http:\/\/wgphoto.pl\/t\/index.php?rest_route=\/wp\/v2\/posts\/2045\/revisions\/2047"}],"wp:featuredmedia":[{"embeddable":true,"href":"http:\/\/wgphoto.pl\/t\/index.php?rest_route=\/wp\/v2\/media\/2046"}],"wp:attachment":[{"href":"http:\/\/wgphoto.pl\/t\/index.php?rest_route=%2Fwp%2Fv2%2Fmedia&parent=2045"}],"wp:term":[{"taxonomy":"category","embeddable":true,"href":"http:\/\/wgphoto.pl\/t\/index.php?rest_route=%2Fwp%2Fv2%2Fcategories&post=2045"},{"taxonomy":"post_tag","embeddable":true,"href":"http:\/\/wgphoto.pl\/t\/index.php?rest_route=%2Fwp%2Fv2%2Ftags&post=2045"}],"curies":[{"name":"wp","href":"https:\/\/api.w.org\/{rel}","templated":true}]}}