{"id":20468,"date":"2025-07-11T22:15:02","date_gmt":"2025-07-11T20:15:02","guid":{"rendered":"https:\/\/wgphoto.pl\/t\/?p=20468"},"modified":"2025-07-11T22:15:52","modified_gmt":"2025-07-11T20:15:52","slug":"bonusowa-bardotka","status":"publish","type":"post","link":"http:\/\/wgphoto.pl\/t\/?p=20468","title":{"rendered":"Bonusowa Bardotka"},"content":{"rendered":"\n<figure class=\"wp-block-image aligncenter size-full\"><img loading=\"lazy\" decoding=\"async\" width=\"1400\" height=\"927\" src=\"https:\/\/wgphoto.pl\/t\/wp-content\/uploads\/2025\/07\/IMGP2488.jpg\" alt=\"\" class=\"wp-image-20469\" srcset=\"http:\/\/wgphoto.pl\/t\/wp-content\/uploads\/2025\/07\/IMGP2488.jpg 1400w, http:\/\/wgphoto.pl\/t\/wp-content\/uploads\/2025\/07\/IMGP2488-300x199.jpg 300w, http:\/\/wgphoto.pl\/t\/wp-content\/uploads\/2025\/07\/IMGP2488-768x509.jpg 768w\" sizes=\"auto, (max-width: 1400px) 100vw, 1400px\" \/><\/figure>\n\n\n\n<div class=\"wp-block-group has-global-padding is-layout-constrained wp-block-group-is-layout-constrained\">\n<p>T478.2006 (751.236) ze sk\u0142adem specjalnym, kt\u00f3rego foto ju\u017c si\u0119 tu pojawi\u0142o, wraca do Pragi. W popo\u0142udniowym s\u0142o\u0144cu planowali\u015bmy \u0142apa\u0107 dwie rozk\u0142adowe, wagonowe osob\u00f3wki, ten poci\u0105g poprawi\u0142 zatem liczb\u0119 trofe\u00f3w z tego dnia. Luka pod Medn\u00edkem &#8211; Petrov u Prahy, 18.05.2025<\/p>\n<\/div>\n","protected":false},"excerpt":{"rendered":"<p>T478.2006 (751.236) ze sk\u0142adem specjalnym, kt\u00f3rego foto ju\u017c si\u0119 tu pojawi\u0142o, wraca do Pragi. W popo\u0142udniowym s\u0142o\u0144cu planowali\u015bmy \u0142apa\u0107 dwie rozk\u0142adowe, wagonowe osob\u00f3wki, ten poci\u0105g poprawi\u0142 zatem liczb\u0119 trofe\u00f3w z tego dnia. Luka pod Medn\u00edkem &#8211; Petrov u Prahy, 18.05.2025<\/p>\n","protected":false},"author":1,"featured_media":20469,"comment_status":"open","ping_status":"","sticky":false,"template":"","format":"standard","meta":{"footnotes":""},"categories":[2,3208],"tags":[3843,164,49,3842,3839,3841,3844,139,244,2218],"class_list":["post-20468","post","type-post","status-publish","format-standard","has-post-thumbnail","hentry","category-kolej","category-rok-2025","tag-2025-05-18","tag-164","tag-czechy","tag-luka-pod-mednikem","tag-majowka-2025","tag-petrov-u-prahy","tag-posazavsky-pacifik-doprava","tag-retro","tag-skaly","tag-tab-cz210"],"_links":{"self":[{"href":"http:\/\/wgphoto.pl\/t\/index.php?rest_route=\/wp\/v2\/posts\/20468","targetHints":{"allow":["GET"]}}],"collection":[{"href":"http:\/\/wgphoto.pl\/t\/index.php?rest_route=\/wp\/v2\/posts"}],"about":[{"href":"http:\/\/wgphoto.pl\/t\/index.php?rest_route=\/wp\/v2\/types\/post"}],"author":[{"embeddable":true,"href":"http:\/\/wgphoto.pl\/t\/index.php?rest_route=\/wp\/v2\/users\/1"}],"replies":[{"embeddable":true,"href":"http:\/\/wgphoto.pl\/t\/index.php?rest_route=%2Fwp%2Fv2%2Fcomments&post=20468"}],"version-history":[{"count":2,"href":"http:\/\/wgphoto.pl\/t\/index.php?rest_route=\/wp\/v2\/posts\/20468\/revisions"}],"predecessor-version":[{"id":20471,"href":"http:\/\/wgphoto.pl\/t\/index.php?rest_route=\/wp\/v2\/posts\/20468\/revisions\/20471"}],"wp:featuredmedia":[{"embeddable":true,"href":"http:\/\/wgphoto.pl\/t\/index.php?rest_route=\/wp\/v2\/media\/20469"}],"wp:attachment":[{"href":"http:\/\/wgphoto.pl\/t\/index.php?rest_route=%2Fwp%2Fv2%2Fmedia&parent=20468"}],"wp:term":[{"taxonomy":"category","embeddable":true,"href":"http:\/\/wgphoto.pl\/t\/index.php?rest_route=%2Fwp%2Fv2%2Fcategories&post=20468"},{"taxonomy":"post_tag","embeddable":true,"href":"http:\/\/wgphoto.pl\/t\/index.php?rest_route=%2Fwp%2Fv2%2Ftags&post=20468"}],"curies":[{"name":"wp","href":"https:\/\/api.w.org\/{rel}","templated":true}]}}