{"id":20497,"date":"2025-07-12T12:20:54","date_gmt":"2025-07-12T10:20:54","guid":{"rendered":"https:\/\/wgphoto.pl\/t\/?p=20497"},"modified":"2025-07-12T12:20:54","modified_gmt":"2025-07-12T10:20:54","slug":"caf-urbos-3-nr-805","status":"publish","type":"post","link":"http:\/\/wgphoto.pl\/t\/?p=20497","title":{"rendered":"CAF Urbos 3 nr 805"},"content":{"rendered":"\n<figure class=\"wp-block-image aligncenter size-full\"><img loading=\"lazy\" decoding=\"async\" width=\"1300\" height=\"861\" src=\"https:\/\/wgphoto.pl\/t\/wp-content\/uploads\/2025\/07\/IMGP7483.jpg\" alt=\"\" class=\"wp-image-20498\" srcset=\"http:\/\/wgphoto.pl\/t\/wp-content\/uploads\/2025\/07\/IMGP7483.jpg 1300w, http:\/\/wgphoto.pl\/t\/wp-content\/uploads\/2025\/07\/IMGP7483-300x199.jpg 300w, http:\/\/wgphoto.pl\/t\/wp-content\/uploads\/2025\/07\/IMGP7483-768x509.jpg 768w\" sizes=\"auto, (max-width: 1300px) 100vw, 1300px\" \/><\/figure>\n\n\n\n<div class=\"wp-block-group has-global-padding is-layout-constrained wp-block-group-is-layout-constrained\">\n<p>Besan\u00e7on, Boulevard Charles de Gaulle. CAF Urbos 3 nr 805 na tle ca\u0142kiem ciekawego krajobrazu z zamglon\u0105 g\u00f3r\u0105 i wysokim wie\u017cowcem. 23.03.2018<\/p>\n<\/div>\n","protected":false},"excerpt":{"rendered":"<p>Besan\u00e7on, Boulevard Charles de Gaulle. CAF Urbos 3 nr 805 na tle ca\u0142kiem ciekawego krajobrazu z zamglon\u0105 g\u00f3r\u0105 i wysokim wie\u017cowcem. 23.03.2018<\/p>\n","protected":false},"author":1,"featured_media":20498,"comment_status":"open","ping_status":"","sticky":false,"template":"","format":"standard","meta":{"footnotes":""},"categories":[156,3],"tags":[1509,1507,157,415,1508,183],"class_list":["post-20497","post","type-post","status-publish","format-standard","has-post-thumbnail","hentry","category-rok-2018","category-tramwaj","tag-2018-03-23","tag-besancon","tag-caf-urbos","tag-francja","tag-mobilites-besancon","tag-suissetrip-2018"],"_links":{"self":[{"href":"http:\/\/wgphoto.pl\/t\/index.php?rest_route=\/wp\/v2\/posts\/20497","targetHints":{"allow":["GET"]}}],"collection":[{"href":"http:\/\/wgphoto.pl\/t\/index.php?rest_route=\/wp\/v2\/posts"}],"about":[{"href":"http:\/\/wgphoto.pl\/t\/index.php?rest_route=\/wp\/v2\/types\/post"}],"author":[{"embeddable":true,"href":"http:\/\/wgphoto.pl\/t\/index.php?rest_route=\/wp\/v2\/users\/1"}],"replies":[{"embeddable":true,"href":"http:\/\/wgphoto.pl\/t\/index.php?rest_route=%2Fwp%2Fv2%2Fcomments&post=20497"}],"version-history":[{"count":1,"href":"http:\/\/wgphoto.pl\/t\/index.php?rest_route=\/wp\/v2\/posts\/20497\/revisions"}],"predecessor-version":[{"id":20499,"href":"http:\/\/wgphoto.pl\/t\/index.php?rest_route=\/wp\/v2\/posts\/20497\/revisions\/20499"}],"wp:featuredmedia":[{"embeddable":true,"href":"http:\/\/wgphoto.pl\/t\/index.php?rest_route=\/wp\/v2\/media\/20498"}],"wp:attachment":[{"href":"http:\/\/wgphoto.pl\/t\/index.php?rest_route=%2Fwp%2Fv2%2Fmedia&parent=20497"}],"wp:term":[{"taxonomy":"category","embeddable":true,"href":"http:\/\/wgphoto.pl\/t\/index.php?rest_route=%2Fwp%2Fv2%2Fcategories&post=20497"},{"taxonomy":"post_tag","embeddable":true,"href":"http:\/\/wgphoto.pl\/t\/index.php?rest_route=%2Fwp%2Fv2%2Ftags&post=20497"}],"curies":[{"name":"wp","href":"https:\/\/api.w.org\/{rel}","templated":true}]}}