{"id":2051,"date":"2024-10-07T17:47:58","date_gmt":"2024-10-07T15:47:58","guid":{"rendered":"https:\/\/wgphoto.pl\/t\/?p=2051"},"modified":"2024-10-07T17:47:58","modified_gmt":"2024-10-07T15:47:58","slug":"na-dobre-zakonczenie-dnia","status":"publish","type":"post","link":"http:\/\/wgphoto.pl\/t\/?p=2051","title":{"rendered":"Na dobre zako\u0144czenie dnia"},"content":{"rendered":"\n<figure class=\"wp-block-image aligncenter size-full\"><img loading=\"lazy\" decoding=\"async\" width=\"1200\" height=\"795\" src=\"https:\/\/wgphoto.pl\/t\/wp-content\/uploads\/2024\/10\/IMGP8453.jpg\" alt=\"\" class=\"wp-image-2052\" srcset=\"http:\/\/wgphoto.pl\/t\/wp-content\/uploads\/2024\/10\/IMGP8453.jpg 1200w, http:\/\/wgphoto.pl\/t\/wp-content\/uploads\/2024\/10\/IMGP8453-300x199.jpg 300w, http:\/\/wgphoto.pl\/t\/wp-content\/uploads\/2024\/10\/IMGP8453-768x509.jpg 768w\" sizes=\"auto, (max-width: 1200px) 100vw, 1200px\" \/><\/figure>\n\n\n\n<div class=\"wp-block-group has-global-padding is-layout-constrained wp-block-group-is-layout-constrained\">\n<p>Poci\u0105g regionalny z Pontresiny do Scuol-Tarasp zatrzymuje si\u0119 w peronach stacji Bever. Mog\u0142oby to by\u0107 foto &#8222;na wsiadanego&#8221; ale nie jest, wybra\u0142em bowiem poci\u0105g z St. Moritz do Chur jad\u0105cy na odst\u0119p za tym, 3 minuty(!) p\u00f3\u017aniej. 26.03.2018<\/p>\n<\/div>\n","protected":false},"excerpt":{"rendered":"<p>Poci\u0105g regionalny z Pontresiny do Scuol-Tarasp zatrzymuje si\u0119 w peronach stacji Bever. Mog\u0142oby to by\u0107 foto &#8222;na wsiadanego&#8221; ale nie jest, wybra\u0142em bowiem poci\u0105g z St. Moritz do Chur jad\u0105cy na odst\u0119p za tym, 3 minuty(!) p\u00f3\u017aniej. 26.03.2018<\/p>\n","protected":false},"author":1,"featured_media":2052,"comment_status":"open","ping_status":"","sticky":false,"template":"","format":"standard","meta":{"footnotes":""},"categories":[2,156],"tags":[736,1065,91,114,737,44,183,186,90],"class_list":["post-2051","post","type-post","status-publish","format-standard","has-post-thumbnail","hentry","category-kolej","category-rok-2018","tag-2018-03-26","tag-bever","tag-blue-hour","tag-gory","tag-rhatische-bahn","tag-snieg","tag-suissetrip-2018","tag-szwajcaria","tag-wieczorem"],"_links":{"self":[{"href":"http:\/\/wgphoto.pl\/t\/index.php?rest_route=\/wp\/v2\/posts\/2051","targetHints":{"allow":["GET"]}}],"collection":[{"href":"http:\/\/wgphoto.pl\/t\/index.php?rest_route=\/wp\/v2\/posts"}],"about":[{"href":"http:\/\/wgphoto.pl\/t\/index.php?rest_route=\/wp\/v2\/types\/post"}],"author":[{"embeddable":true,"href":"http:\/\/wgphoto.pl\/t\/index.php?rest_route=\/wp\/v2\/users\/1"}],"replies":[{"embeddable":true,"href":"http:\/\/wgphoto.pl\/t\/index.php?rest_route=%2Fwp%2Fv2%2Fcomments&post=2051"}],"version-history":[{"count":1,"href":"http:\/\/wgphoto.pl\/t\/index.php?rest_route=\/wp\/v2\/posts\/2051\/revisions"}],"predecessor-version":[{"id":2053,"href":"http:\/\/wgphoto.pl\/t\/index.php?rest_route=\/wp\/v2\/posts\/2051\/revisions\/2053"}],"wp:featuredmedia":[{"embeddable":true,"href":"http:\/\/wgphoto.pl\/t\/index.php?rest_route=\/wp\/v2\/media\/2052"}],"wp:attachment":[{"href":"http:\/\/wgphoto.pl\/t\/index.php?rest_route=%2Fwp%2Fv2%2Fmedia&parent=2051"}],"wp:term":[{"taxonomy":"category","embeddable":true,"href":"http:\/\/wgphoto.pl\/t\/index.php?rest_route=%2Fwp%2Fv2%2Fcategories&post=2051"},{"taxonomy":"post_tag","embeddable":true,"href":"http:\/\/wgphoto.pl\/t\/index.php?rest_route=%2Fwp%2Fv2%2Ftags&post=2051"}],"curies":[{"name":"wp","href":"https:\/\/api.w.org\/{rel}","templated":true}]}}