{"id":20564,"date":"2025-07-13T19:34:36","date_gmt":"2025-07-13T17:34:36","guid":{"rendered":"https:\/\/wgphoto.pl\/t\/?p=20564"},"modified":"2025-07-13T19:34:36","modified_gmt":"2025-07-13T17:34:36","slug":"pierwszy-wieden","status":"publish","type":"post","link":"http:\/\/wgphoto.pl\/t\/?p=20564","title":{"rendered":"Pierwszy &#8222;Wiede\u0144&#8221;"},"content":{"rendered":"\n<figure class=\"wp-block-image aligncenter size-full\"><img loading=\"lazy\" decoding=\"async\" width=\"1300\" height=\"862\" src=\"https:\/\/wgphoto.pl\/t\/wp-content\/uploads\/2025\/07\/0419-01.jpg\" alt=\"\" class=\"wp-image-20565\" srcset=\"http:\/\/wgphoto.pl\/t\/wp-content\/uploads\/2025\/07\/0419-01.jpg 1300w, http:\/\/wgphoto.pl\/t\/wp-content\/uploads\/2025\/07\/0419-01-300x199.jpg 300w, http:\/\/wgphoto.pl\/t\/wp-content\/uploads\/2025\/07\/0419-01-768x509.jpg 768w\" sizes=\"auto, (max-width: 1300px) 100vw, 1300px\" \/><\/figure>\n\n\n\n<div class=\"wp-block-group has-global-padding is-layout-constrained wp-block-group-is-layout-constrained\">\n<p>Krak\u00f3w, pl. Dominika\u0144ski. Na przystanku zatrzymuje si\u0119 pierwszy sprowadzony z Wiednia wagon E<sub>1<\/sub> nr 101. Dzi\u015b mija 20 lat eksploatacji takich tramwaj\u00f3w w Krakowie, obecnie s\u0105 ju\u017c one w odwrocie. 04.08.2004<\/p>\n<\/div>\n","protected":false},"excerpt":{"rendered":"<p>Krak\u00f3w, pl. Dominika\u0144ski. Na przystanku zatrzymuje si\u0119 pierwszy sprowadzony z Wiednia wagon E1 nr 101. Dzi\u015b mija 20 lat eksploatacji takich tramwaj\u00f3w w Krakowie, obecnie s\u0105 ju\u017c one w odwrocie. 04.08.2004<\/p>\n","protected":false},"author":1,"featured_media":20565,"comment_status":"open","ping_status":"","sticky":false,"template":"","format":"standard","meta":{"footnotes":""},"categories":[62,61,3],"tags":[1270,102,101,664,663,27,219],"class_list":["post-20564","post","type-post","status-publish","format-standard","has-post-thumbnail","hentry","category-analog","category-rok-2004","category-tramwaj","tag-2004-08-04","tag-e1","tag-gt6","tag-krakow","tag-mpk-krakow","tag-polska","tag-przystanek"],"_links":{"self":[{"href":"http:\/\/wgphoto.pl\/t\/index.php?rest_route=\/wp\/v2\/posts\/20564","targetHints":{"allow":["GET"]}}],"collection":[{"href":"http:\/\/wgphoto.pl\/t\/index.php?rest_route=\/wp\/v2\/posts"}],"about":[{"href":"http:\/\/wgphoto.pl\/t\/index.php?rest_route=\/wp\/v2\/types\/post"}],"author":[{"embeddable":true,"href":"http:\/\/wgphoto.pl\/t\/index.php?rest_route=\/wp\/v2\/users\/1"}],"replies":[{"embeddable":true,"href":"http:\/\/wgphoto.pl\/t\/index.php?rest_route=%2Fwp%2Fv2%2Fcomments&post=20564"}],"version-history":[{"count":1,"href":"http:\/\/wgphoto.pl\/t\/index.php?rest_route=\/wp\/v2\/posts\/20564\/revisions"}],"predecessor-version":[{"id":20566,"href":"http:\/\/wgphoto.pl\/t\/index.php?rest_route=\/wp\/v2\/posts\/20564\/revisions\/20566"}],"wp:featuredmedia":[{"embeddable":true,"href":"http:\/\/wgphoto.pl\/t\/index.php?rest_route=\/wp\/v2\/media\/20565"}],"wp:attachment":[{"href":"http:\/\/wgphoto.pl\/t\/index.php?rest_route=%2Fwp%2Fv2%2Fmedia&parent=20564"}],"wp:term":[{"taxonomy":"category","embeddable":true,"href":"http:\/\/wgphoto.pl\/t\/index.php?rest_route=%2Fwp%2Fv2%2Fcategories&post=20564"},{"taxonomy":"post_tag","embeddable":true,"href":"http:\/\/wgphoto.pl\/t\/index.php?rest_route=%2Fwp%2Fv2%2Ftags&post=20564"}],"curies":[{"name":"wp","href":"https:\/\/api.w.org\/{rel}","templated":true}]}}