{"id":20594,"date":"2025-07-13T19:45:19","date_gmt":"2025-07-13T17:45:19","guid":{"rendered":"https:\/\/wgphoto.pl\/t\/?p=20594"},"modified":"2025-07-13T19:45:19","modified_gmt":"2025-07-13T17:45:19","slug":"jeden-pociag-trzy-spoleczki","status":"publish","type":"post","link":"http:\/\/wgphoto.pl\/t\/?p=20594","title":{"rendered":"Jeden poci\u0105g, trzy sp\u00f3\u0142eczki"},"content":{"rendered":"\n<figure class=\"wp-block-image aligncenter size-full\"><img loading=\"lazy\" decoding=\"async\" width=\"1300\" height=\"861\" src=\"https:\/\/wgphoto.pl\/t\/wp-content\/uploads\/2025\/07\/IMGP2024-1.jpg\" alt=\"\" class=\"wp-image-20595\" srcset=\"http:\/\/wgphoto.pl\/t\/wp-content\/uploads\/2025\/07\/IMGP2024-1.jpg 1300w, http:\/\/wgphoto.pl\/t\/wp-content\/uploads\/2025\/07\/IMGP2024-1-300x199.jpg 300w, http:\/\/wgphoto.pl\/t\/wp-content\/uploads\/2025\/07\/IMGP2024-1-768x509.jpg 768w\" sizes=\"auto, (max-width: 1300px) 100vw, 1300px\" \/><\/figure>\n\n\n\n<div class=\"wp-block-group has-global-padding is-layout-constrained wp-block-group-is-layout-constrained\">\n<p>Wypo\u017cyczony od \u010cD motorak 810.622 jako poci\u0105g GWTR (a w\u0142a\u015bciwie to KD) z S\u0119dzis\u0142awia do Kr\u00e1lovca zbli\u017ca si\u0119 do tarczy ostrzegawczej przed semaforem wjazdowym do Kamiennej G\u00f3ry. 11.04.2021<\/p>\n<\/div>\n","protected":false},"excerpt":{"rendered":"<p>Wypo\u017cyczony od \u010cD motorak 810.622 jako poci\u0105g GWTR (a w\u0142a\u015bciwie to KD) z S\u0119dzis\u0142awia do Kr\u00e1lovca zbli\u017ca si\u0119 do tarczy ostrzegawczej przed semaforem wjazdowym do Kamiennej G\u00f3ry. 11.04.2021<\/p>\n","protected":false},"author":1,"featured_media":20595,"comment_status":"open","ping_status":"","sticky":false,"template":"","format":"standard","meta":{"footnotes":""},"categories":[2,681],"tags":[2391,92,50,249,629,173,27,1061,627],"class_list":["post-20594","post","type-post","status-publish","format-standard","has-post-thumbnail","hentry","category-kolej","category-rok-2021","tag-2021-04-11","tag-92","tag-cd","tag-goscinne-wystepy","tag-kamienna-gora","tag-koncowki","tag-polska","tag-sedzislaw","tag-tab-pl247"],"_links":{"self":[{"href":"http:\/\/wgphoto.pl\/t\/index.php?rest_route=\/wp\/v2\/posts\/20594","targetHints":{"allow":["GET"]}}],"collection":[{"href":"http:\/\/wgphoto.pl\/t\/index.php?rest_route=\/wp\/v2\/posts"}],"about":[{"href":"http:\/\/wgphoto.pl\/t\/index.php?rest_route=\/wp\/v2\/types\/post"}],"author":[{"embeddable":true,"href":"http:\/\/wgphoto.pl\/t\/index.php?rest_route=\/wp\/v2\/users\/1"}],"replies":[{"embeddable":true,"href":"http:\/\/wgphoto.pl\/t\/index.php?rest_route=%2Fwp%2Fv2%2Fcomments&post=20594"}],"version-history":[{"count":1,"href":"http:\/\/wgphoto.pl\/t\/index.php?rest_route=\/wp\/v2\/posts\/20594\/revisions"}],"predecessor-version":[{"id":20596,"href":"http:\/\/wgphoto.pl\/t\/index.php?rest_route=\/wp\/v2\/posts\/20594\/revisions\/20596"}],"wp:featuredmedia":[{"embeddable":true,"href":"http:\/\/wgphoto.pl\/t\/index.php?rest_route=\/wp\/v2\/media\/20595"}],"wp:attachment":[{"href":"http:\/\/wgphoto.pl\/t\/index.php?rest_route=%2Fwp%2Fv2%2Fmedia&parent=20594"}],"wp:term":[{"taxonomy":"category","embeddable":true,"href":"http:\/\/wgphoto.pl\/t\/index.php?rest_route=%2Fwp%2Fv2%2Fcategories&post=20594"},{"taxonomy":"post_tag","embeddable":true,"href":"http:\/\/wgphoto.pl\/t\/index.php?rest_route=%2Fwp%2Fv2%2Ftags&post=20594"}],"curies":[{"name":"wp","href":"https:\/\/api.w.org\/{rel}","templated":true}]}}