{"id":2060,"date":"2024-10-07T17:51:07","date_gmt":"2024-10-07T15:51:07","guid":{"rendered":"https:\/\/wgphoto.pl\/t\/?p=2060"},"modified":"2024-10-07T17:51:07","modified_gmt":"2024-10-07T15:51:07","slug":"detale-kowalowa","status":"publish","type":"post","link":"http:\/\/wgphoto.pl\/t\/?p=2060","title":{"rendered":"Detale Kowalowa"},"content":{"rendered":"\n<figure class=\"wp-block-image aligncenter size-full\"><img loading=\"lazy\" decoding=\"async\" width=\"700\" height=\"1046\" src=\"https:\/\/wgphoto.pl\/t\/wp-content\/uploads\/2024\/10\/IMGP8185.jpg\" alt=\"\" class=\"wp-image-2061\" srcset=\"http:\/\/wgphoto.pl\/t\/wp-content\/uploads\/2024\/10\/IMGP8185.jpg 700w, http:\/\/wgphoto.pl\/t\/wp-content\/uploads\/2024\/10\/IMGP8185-201x300.jpg 201w\" sizes=\"auto, (max-width: 700px) 100vw, 700px\" \/><\/figure>\n\n\n\n<div class=\"wp-block-group has-global-padding is-layout-constrained wp-block-group-is-layout-constrained\">\n<p>Kowal\u00f3w, godzina 18:55. ED72-017 obs\u0142uguje op\u00f3\u017aniony kilkana\u015bcie minut poci\u0105g osobowy 87530 ze Szczecina do Rzepina, b\u0119d\u0105cy ostatnim po\u0142\u0105czeniem w dobie na odcinku od Kostrzyna. 02.08.2009<\/p>\n<\/div>\n","protected":false},"excerpt":{"rendered":"<p>Kowal\u00f3w, godzina 18:55. ED72-017 obs\u0142uguje op\u00f3\u017aniony kilkana\u015bcie minut poci\u0105g osobowy 87530 ze Szczecina do Rzepina, b\u0119d\u0105cy ostatnim po\u0142\u0105czeniem w dobie na odcinku od Kostrzyna. 02.08.2009<\/p>\n","protected":false},"author":1,"featured_media":2061,"comment_status":"open","ping_status":"","sticky":false,"template":"","format":"standard","meta":{"footnotes":""},"categories":[2,128,169],"tags":[1070,743,173,1069,1025,63,27,53,1071],"class_list":["post-2060","post","type-post","status-publish","format-standard","has-post-thumbnail","hentry","category-kolej","category-pionowe","category-rok-2009","tag-2009-08-02","tag-ed72","tag-koncowki","tag-kowalow","tag-nadodrzanka","tag-pkp","tag-polska","tag-sygnalizacja-ksztaltowa","tag-tab-pl355"],"_links":{"self":[{"href":"http:\/\/wgphoto.pl\/t\/index.php?rest_route=\/wp\/v2\/posts\/2060","targetHints":{"allow":["GET"]}}],"collection":[{"href":"http:\/\/wgphoto.pl\/t\/index.php?rest_route=\/wp\/v2\/posts"}],"about":[{"href":"http:\/\/wgphoto.pl\/t\/index.php?rest_route=\/wp\/v2\/types\/post"}],"author":[{"embeddable":true,"href":"http:\/\/wgphoto.pl\/t\/index.php?rest_route=\/wp\/v2\/users\/1"}],"replies":[{"embeddable":true,"href":"http:\/\/wgphoto.pl\/t\/index.php?rest_route=%2Fwp%2Fv2%2Fcomments&post=2060"}],"version-history":[{"count":1,"href":"http:\/\/wgphoto.pl\/t\/index.php?rest_route=\/wp\/v2\/posts\/2060\/revisions"}],"predecessor-version":[{"id":2062,"href":"http:\/\/wgphoto.pl\/t\/index.php?rest_route=\/wp\/v2\/posts\/2060\/revisions\/2062"}],"wp:featuredmedia":[{"embeddable":true,"href":"http:\/\/wgphoto.pl\/t\/index.php?rest_route=\/wp\/v2\/media\/2061"}],"wp:attachment":[{"href":"http:\/\/wgphoto.pl\/t\/index.php?rest_route=%2Fwp%2Fv2%2Fmedia&parent=2060"}],"wp:term":[{"taxonomy":"category","embeddable":true,"href":"http:\/\/wgphoto.pl\/t\/index.php?rest_route=%2Fwp%2Fv2%2Fcategories&post=2060"},{"taxonomy":"post_tag","embeddable":true,"href":"http:\/\/wgphoto.pl\/t\/index.php?rest_route=%2Fwp%2Fv2%2Ftags&post=2060"}],"curies":[{"name":"wp","href":"https:\/\/api.w.org\/{rel}","templated":true}]}}