{"id":20667,"date":"2025-07-13T23:46:09","date_gmt":"2025-07-13T21:46:09","guid":{"rendered":"https:\/\/wgphoto.pl\/t\/?p=20667"},"modified":"2025-07-13T23:46:09","modified_gmt":"2025-07-13T21:46:09","slug":"11-lat-temu","status":"publish","type":"post","link":"http:\/\/wgphoto.pl\/t\/?p=20667","title":{"rendered":"11 lat temu"},"content":{"rendered":"\n<figure class=\"wp-block-image aligncenter size-full\"><img loading=\"lazy\" decoding=\"async\" width=\"1300\" height=\"870\" src=\"https:\/\/wgphoto.pl\/t\/wp-content\/uploads\/2025\/07\/IMGP2060.jpg\" alt=\"\" class=\"wp-image-20668\" srcset=\"http:\/\/wgphoto.pl\/t\/wp-content\/uploads\/2025\/07\/IMGP2060.jpg 1300w, http:\/\/wgphoto.pl\/t\/wp-content\/uploads\/2025\/07\/IMGP2060-300x201.jpg 300w, http:\/\/wgphoto.pl\/t\/wp-content\/uploads\/2025\/07\/IMGP2060-768x514.jpg 768w\" sizes=\"auto, (max-width: 1300px) 100vw, 1300px\" \/><\/figure>\n\n\n\n<div class=\"wp-block-group has-global-padding is-layout-constrained wp-block-group-is-layout-constrained\">\n<p>Poci\u0105g osobowy z Ko\u0159enova do Szklarskiej Por\u0119by G\u00f3rnej niedawno odjecha\u0142 z Jakuszyc. 09.03.2013<\/p>\n<\/div>\n","protected":false},"excerpt":{"rendered":"<p>Poci\u0105g osobowy z Ko\u0159enova do Szklarskiej Por\u0119by G\u00f3rnej niedawno odjecha\u0142 z Jakuszyc. 09.03.2013<\/p>\n","protected":false},"author":1,"featured_media":20668,"comment_status":"open","ping_status":"","sticky":false,"template":"","format":"standard","meta":{"footnotes":""},"categories":[2,55],"tags":[3396,92,249,933,3178,821,27,44,2851,936,935],"class_list":["post-20667","post","type-post","status-publish","format-standard","has-post-thumbnail","hentry","category-kolej","category-rok-2013","tag-2013-03-09","tag-92","tag-goscinne-wystepy","tag-gwtr","tag-jakuszyce","tag-mgla","tag-polska","tag-snieg","tag-szklarska-poreba-huta","tag-tab-cz036","tag-tab-pl251"],"_links":{"self":[{"href":"http:\/\/wgphoto.pl\/t\/index.php?rest_route=\/wp\/v2\/posts\/20667","targetHints":{"allow":["GET"]}}],"collection":[{"href":"http:\/\/wgphoto.pl\/t\/index.php?rest_route=\/wp\/v2\/posts"}],"about":[{"href":"http:\/\/wgphoto.pl\/t\/index.php?rest_route=\/wp\/v2\/types\/post"}],"author":[{"embeddable":true,"href":"http:\/\/wgphoto.pl\/t\/index.php?rest_route=\/wp\/v2\/users\/1"}],"replies":[{"embeddable":true,"href":"http:\/\/wgphoto.pl\/t\/index.php?rest_route=%2Fwp%2Fv2%2Fcomments&post=20667"}],"version-history":[{"count":1,"href":"http:\/\/wgphoto.pl\/t\/index.php?rest_route=\/wp\/v2\/posts\/20667\/revisions"}],"predecessor-version":[{"id":20669,"href":"http:\/\/wgphoto.pl\/t\/index.php?rest_route=\/wp\/v2\/posts\/20667\/revisions\/20669"}],"wp:featuredmedia":[{"embeddable":true,"href":"http:\/\/wgphoto.pl\/t\/index.php?rest_route=\/wp\/v2\/media\/20668"}],"wp:attachment":[{"href":"http:\/\/wgphoto.pl\/t\/index.php?rest_route=%2Fwp%2Fv2%2Fmedia&parent=20667"}],"wp:term":[{"taxonomy":"category","embeddable":true,"href":"http:\/\/wgphoto.pl\/t\/index.php?rest_route=%2Fwp%2Fv2%2Fcategories&post=20667"},{"taxonomy":"post_tag","embeddable":true,"href":"http:\/\/wgphoto.pl\/t\/index.php?rest_route=%2Fwp%2Fv2%2Ftags&post=20667"}],"curies":[{"name":"wp","href":"https:\/\/api.w.org\/{rel}","templated":true}]}}