{"id":20670,"date":"2025-07-13T23:47:07","date_gmt":"2025-07-13T21:47:07","guid":{"rendered":"https:\/\/wgphoto.pl\/t\/?p=20670"},"modified":"2025-07-13T23:47:07","modified_gmt":"2025-07-13T21:47:07","slug":"przeglad-motoryzacyjny","status":"publish","type":"post","link":"http:\/\/wgphoto.pl\/t\/?p=20670","title":{"rendered":"Przegl\u0105d motoryzacyjny"},"content":{"rendered":"\n<figure class=\"wp-block-image aligncenter size-full\"><img loading=\"lazy\" decoding=\"async\" width=\"1300\" height=\"835\" src=\"https:\/\/wgphoto.pl\/t\/wp-content\/uploads\/2025\/07\/0306-09.jpg\" alt=\"\" class=\"wp-image-20671\" srcset=\"http:\/\/wgphoto.pl\/t\/wp-content\/uploads\/2025\/07\/0306-09.jpg 1300w, http:\/\/wgphoto.pl\/t\/wp-content\/uploads\/2025\/07\/0306-09-300x193.jpg 300w, http:\/\/wgphoto.pl\/t\/wp-content\/uploads\/2025\/07\/0306-09-768x493.jpg 768w\" sizes=\"auto, (max-width: 1300px) 100vw, 1300px\" \/><\/figure>\n\n\n\n<div class=\"wp-block-group has-global-padding is-layout-constrained wp-block-group-is-layout-constrained\">\n<p>Wroc\u0142aw, ul. S\u0142owia\u0144ska, na kt\u00f3rej prezentuje si\u0119 niez\u0142y przegl\u0105d motoryzacyjny. 102Na 2018 sko\u0144czy\u0142 kurs linii 6 i wje\u017cd\u017ca na teren zajezdni O\u0142bin aby zawr\u00f3ci\u0107. Objazd spowodowany by\u0142 przebudow\u0105 pobliskiej ul. Jedno\u015bci Narodowej. 10.03.2003<\/p>\n<\/div>\n","protected":false},"excerpt":{"rendered":"<p>Wroc\u0142aw, ul. S\u0142owia\u0144ska, na kt\u00f3rej prezentuje si\u0119 niez\u0142y przegl\u0105d motoryzacyjny. 102Na 2018 sko\u0144czy\u0142 kurs linii 6 i wje\u017cd\u017ca na teren zajezdni O\u0142bin aby zawr\u00f3ci\u0107. Objazd spowodowany by\u0142 przebudow\u0105 pobliskiej ul. Jedno\u015bci Narodowej. 10.03.2003<\/p>\n","protected":false},"author":1,"featured_media":20671,"comment_status":"open","ping_status":"","sticky":false,"template":"","format":"standard","meta":{"footnotes":""},"categories":[62,149,3],"tags":[3566,34,418,309,42,27,41],"class_list":["post-20670","post","type-post","status-publish","format-standard","has-post-thumbnail","hentry","category-analog","category-rok-2003","category-tramwaj","tag-2003-03-10","tag-architektura","tag-auto","tag-konstal-102na","tag-mpk-wroclaw","tag-polska","tag-wroclaw"],"_links":{"self":[{"href":"http:\/\/wgphoto.pl\/t\/index.php?rest_route=\/wp\/v2\/posts\/20670","targetHints":{"allow":["GET"]}}],"collection":[{"href":"http:\/\/wgphoto.pl\/t\/index.php?rest_route=\/wp\/v2\/posts"}],"about":[{"href":"http:\/\/wgphoto.pl\/t\/index.php?rest_route=\/wp\/v2\/types\/post"}],"author":[{"embeddable":true,"href":"http:\/\/wgphoto.pl\/t\/index.php?rest_route=\/wp\/v2\/users\/1"}],"replies":[{"embeddable":true,"href":"http:\/\/wgphoto.pl\/t\/index.php?rest_route=%2Fwp%2Fv2%2Fcomments&post=20670"}],"version-history":[{"count":1,"href":"http:\/\/wgphoto.pl\/t\/index.php?rest_route=\/wp\/v2\/posts\/20670\/revisions"}],"predecessor-version":[{"id":20672,"href":"http:\/\/wgphoto.pl\/t\/index.php?rest_route=\/wp\/v2\/posts\/20670\/revisions\/20672"}],"wp:featuredmedia":[{"embeddable":true,"href":"http:\/\/wgphoto.pl\/t\/index.php?rest_route=\/wp\/v2\/media\/20671"}],"wp:attachment":[{"href":"http:\/\/wgphoto.pl\/t\/index.php?rest_route=%2Fwp%2Fv2%2Fmedia&parent=20670"}],"wp:term":[{"taxonomy":"category","embeddable":true,"href":"http:\/\/wgphoto.pl\/t\/index.php?rest_route=%2Fwp%2Fv2%2Fcategories&post=20670"},{"taxonomy":"post_tag","embeddable":true,"href":"http:\/\/wgphoto.pl\/t\/index.php?rest_route=%2Fwp%2Fv2%2Ftags&post=20670"}],"curies":[{"name":"wp","href":"https:\/\/api.w.org\/{rel}","templated":true}]}}