{"id":20709,"date":"2025-07-14T00:00:43","date_gmt":"2025-07-13T22:00:43","guid":{"rendered":"https:\/\/wgphoto.pl\/t\/?p=20709"},"modified":"2025-07-14T00:00:43","modified_gmt":"2025-07-13T22:00:43","slug":"pocztowka-z-pragi","status":"publish","type":"post","link":"http:\/\/wgphoto.pl\/t\/?p=20709","title":{"rendered":"Poczt\u00f3wka z Pragi"},"content":{"rendered":"\n<figure class=\"wp-block-image aligncenter size-full\"><img loading=\"lazy\" decoding=\"async\" width=\"1200\" height=\"900\" src=\"https:\/\/wgphoto.pl\/t\/wp-content\/uploads\/2025\/07\/DSCF7893.jpg\" alt=\"\" class=\"wp-image-20710\" srcset=\"http:\/\/wgphoto.pl\/t\/wp-content\/uploads\/2025\/07\/DSCF7893.jpg 1200w, http:\/\/wgphoto.pl\/t\/wp-content\/uploads\/2025\/07\/DSCF7893-300x225.jpg 300w, http:\/\/wgphoto.pl\/t\/wp-content\/uploads\/2025\/07\/DSCF7893-768x576.jpg 768w\" sizes=\"auto, (max-width: 1200px) 100vw, 1200px\" \/><\/figure>\n\n\n\n<div class=\"wp-block-group has-global-padding is-layout-constrained wp-block-group-is-layout-constrained\">\n<p>Niezidentyfikowana \u0160koda 14T na mo\u015bcie Palackiego w Pradze, z widokiem na zamek z katedr\u0105. 10.11.2008<\/p>\n<\/div>\n","protected":false},"excerpt":{"rendered":"<p>Niezidentyfikowana \u0160koda 14T na mo\u015bcie Palackiego w Pradze, z widokiem na zamek z katedr\u0105. 10.11.2008<\/p>\n","protected":false},"author":1,"featured_media":20710,"comment_status":"open","ping_status":"","sticky":false,"template":"","format":"standard","meta":{"footnotes":""},"categories":[120,3],"tags":[2058,49,1049,45,52,1496,216],"class_list":["post-20709","post","type-post","status-publish","format-standard","has-post-thumbnail","hentry","category-rok-2008","category-tramwaj","tag-2008-11-10","tag-czechy","tag-dp-praha","tag-most","tag-praga","tag-skoda-14t","tag-skoda-elektra"],"_links":{"self":[{"href":"http:\/\/wgphoto.pl\/t\/index.php?rest_route=\/wp\/v2\/posts\/20709","targetHints":{"allow":["GET"]}}],"collection":[{"href":"http:\/\/wgphoto.pl\/t\/index.php?rest_route=\/wp\/v2\/posts"}],"about":[{"href":"http:\/\/wgphoto.pl\/t\/index.php?rest_route=\/wp\/v2\/types\/post"}],"author":[{"embeddable":true,"href":"http:\/\/wgphoto.pl\/t\/index.php?rest_route=\/wp\/v2\/users\/1"}],"replies":[{"embeddable":true,"href":"http:\/\/wgphoto.pl\/t\/index.php?rest_route=%2Fwp%2Fv2%2Fcomments&post=20709"}],"version-history":[{"count":1,"href":"http:\/\/wgphoto.pl\/t\/index.php?rest_route=\/wp\/v2\/posts\/20709\/revisions"}],"predecessor-version":[{"id":20711,"href":"http:\/\/wgphoto.pl\/t\/index.php?rest_route=\/wp\/v2\/posts\/20709\/revisions\/20711"}],"wp:featuredmedia":[{"embeddable":true,"href":"http:\/\/wgphoto.pl\/t\/index.php?rest_route=\/wp\/v2\/media\/20710"}],"wp:attachment":[{"href":"http:\/\/wgphoto.pl\/t\/index.php?rest_route=%2Fwp%2Fv2%2Fmedia&parent=20709"}],"wp:term":[{"taxonomy":"category","embeddable":true,"href":"http:\/\/wgphoto.pl\/t\/index.php?rest_route=%2Fwp%2Fv2%2Fcategories&post=20709"},{"taxonomy":"post_tag","embeddable":true,"href":"http:\/\/wgphoto.pl\/t\/index.php?rest_route=%2Fwp%2Fv2%2Ftags&post=20709"}],"curies":[{"name":"wp","href":"https:\/\/api.w.org\/{rel}","templated":true}]}}