{"id":20734,"date":"2025-07-15T13:18:07","date_gmt":"2025-07-15T11:18:07","guid":{"rendered":"https:\/\/wgphoto.pl\/t\/?p=20734"},"modified":"2025-07-15T13:18:07","modified_gmt":"2025-07-15T11:18:07","slug":"ustaoset","status":"publish","type":"post","link":"http:\/\/wgphoto.pl\/t\/?p=20734","title":{"rendered":"Ustaoset"},"content":{"rendered":"\n<figure class=\"wp-block-image aligncenter size-full\"><img loading=\"lazy\" decoding=\"async\" width=\"1199\" height=\"779\" src=\"https:\/\/wgphoto.pl\/t\/wp-content\/uploads\/2025\/07\/IMGP2400.jpg\" alt=\"\" class=\"wp-image-20735\" srcset=\"http:\/\/wgphoto.pl\/t\/wp-content\/uploads\/2025\/07\/IMGP2400.jpg 1199w, http:\/\/wgphoto.pl\/t\/wp-content\/uploads\/2025\/07\/IMGP2400-300x195.jpg 300w, http:\/\/wgphoto.pl\/t\/wp-content\/uploads\/2025\/07\/IMGP2400-768x499.jpg 768w\" sizes=\"auto, (max-width: 1199px) 100vw, 1199px\" \/><\/figure>\n\n\n\n<div class=\"wp-block-group has-global-padding is-layout-constrained wp-block-group-is-layout-constrained\">\n<p>Maszyna serii El14 z poci\u0105gim towarowym na trasie z Bergen do Oslo zbli\u017ca si\u0119 do stacji Ustaoset. Jad\u0105c autem w podobnej relacji mieli\u015bmy tu przed\u0142u\u017caj\u0105cy si\u0119 post\u00f3j. Gdybym wiedzia\u0142, \u017ce tyle potrwa, znalaz\u0142bym lepsz\u0105 miejsc\u00f3wk\u0119, a tak wysz\u0142o klasyczne OKP, na dodatek w s\u0142abym ju\u017c \u015bwietle. Tak czy inaczej, mog\u0119 dzi\u0119ki temu postawi\u0107 w norweskim interiorze znacznik na mapie, kt\u00f3ry zapewne d\u0142ugo nie doczeka si\u0119 innego w okolicy. 24.07.2011<\/p>\n<\/div>\n","protected":false},"excerpt":{"rendered":"<p>Maszyna serii El14 z poci\u0105gim towarowym na trasie z Bergen do Oslo zbli\u017ca si\u0119 do stacji Ustaoset. Jad\u0105c autem w podobnej relacji mieli\u015bmy tu przed\u0142u\u017caj\u0105cy si\u0119 post\u00f3j. Gdybym wiedzia\u0142, \u017ce tyle potrwa, znalaz\u0142bym lepsz\u0105 miejsc\u00f3wk\u0119, a tak wysz\u0142o klasyczne OKP, na dodatek w s\u0142abym ju\u017c \u015bwietle. Tak czy inaczej, mog\u0119 dzi\u0119ki temu postawi\u0107 w norweskim [&hellip;]<\/p>\n","protected":false},"author":1,"featured_media":20735,"comment_status":"open","ping_status":"","sticky":false,"template":"","format":"standard","meta":{"footnotes":""},"categories":[2,77],"tags":[4339,78,3280,4338,90],"class_list":["post-20734","post","type-post","status-publish","format-standard","has-post-thumbnail","hentry","category-kolej","category-rok-2011","tag-2011-07-24","tag-norwegia","tag-nsb","tag-ustaoset","tag-wieczorem"],"_links":{"self":[{"href":"http:\/\/wgphoto.pl\/t\/index.php?rest_route=\/wp\/v2\/posts\/20734","targetHints":{"allow":["GET"]}}],"collection":[{"href":"http:\/\/wgphoto.pl\/t\/index.php?rest_route=\/wp\/v2\/posts"}],"about":[{"href":"http:\/\/wgphoto.pl\/t\/index.php?rest_route=\/wp\/v2\/types\/post"}],"author":[{"embeddable":true,"href":"http:\/\/wgphoto.pl\/t\/index.php?rest_route=\/wp\/v2\/users\/1"}],"replies":[{"embeddable":true,"href":"http:\/\/wgphoto.pl\/t\/index.php?rest_route=%2Fwp%2Fv2%2Fcomments&post=20734"}],"version-history":[{"count":1,"href":"http:\/\/wgphoto.pl\/t\/index.php?rest_route=\/wp\/v2\/posts\/20734\/revisions"}],"predecessor-version":[{"id":20736,"href":"http:\/\/wgphoto.pl\/t\/index.php?rest_route=\/wp\/v2\/posts\/20734\/revisions\/20736"}],"wp:featuredmedia":[{"embeddable":true,"href":"http:\/\/wgphoto.pl\/t\/index.php?rest_route=\/wp\/v2\/media\/20735"}],"wp:attachment":[{"href":"http:\/\/wgphoto.pl\/t\/index.php?rest_route=%2Fwp%2Fv2%2Fmedia&parent=20734"}],"wp:term":[{"taxonomy":"category","embeddable":true,"href":"http:\/\/wgphoto.pl\/t\/index.php?rest_route=%2Fwp%2Fv2%2Fcategories&post=20734"},{"taxonomy":"post_tag","embeddable":true,"href":"http:\/\/wgphoto.pl\/t\/index.php?rest_route=%2Fwp%2Fv2%2Ftags&post=20734"}],"curies":[{"name":"wp","href":"https:\/\/api.w.org\/{rel}","templated":true}]}}