{"id":20749,"date":"2025-07-15T16:15:02","date_gmt":"2025-07-15T14:15:02","guid":{"rendered":"https:\/\/wgphoto.pl\/t\/?p=20749"},"modified":"2025-07-15T16:15:02","modified_gmt":"2025-07-15T14:15:02","slug":"su42-528-wierzchucin","status":"publish","type":"post","link":"http:\/\/wgphoto.pl\/t\/?p=20749","title":{"rendered":"SU42-528, Wierzchucin"},"content":{"rendered":"\n<figure class=\"wp-block-image aligncenter size-full\"><img loading=\"lazy\" decoding=\"async\" width=\"1400\" height=\"927\" src=\"https:\/\/wgphoto.pl\/t\/wp-content\/uploads\/2025\/07\/0413_37_rsn.jpg\" alt=\"\" class=\"wp-image-20750\" srcset=\"http:\/\/wgphoto.pl\/t\/wp-content\/uploads\/2025\/07\/0413_37_rsn.jpg 1400w, http:\/\/wgphoto.pl\/t\/wp-content\/uploads\/2025\/07\/0413_37_rsn-300x199.jpg 300w, http:\/\/wgphoto.pl\/t\/wp-content\/uploads\/2025\/07\/0413_37_rsn-768x509.jpg 768w\" sizes=\"auto, (max-width: 1400px) 100vw, 1400px\" \/><\/figure>\n\n\n\n<div class=\"wp-block-group has-global-padding is-layout-constrained wp-block-group-is-layout-constrained\">\n<p>SU42-528 z poci\u0105giem osobowym 1930 Chojnice &#8211; Grudzi\u0105dz wyje\u017cd\u017ca z Wierzchucina. 20.07.2004<\/p>\n<\/div>\n","protected":false},"excerpt":{"rendered":"<p>SU42-528 z poci\u0105giem osobowym 1930 Chojnice &#8211; Grudzi\u0105dz wyje\u017cd\u017ca z Wierzchucina. 20.07.2004<\/p>\n","protected":false},"author":1,"featured_media":20750,"comment_status":"open","ping_status":"","sticky":false,"template":"","format":"standard","meta":{"footnotes":""},"categories":[62,2,61],"tags":[3896,63,27,250,53,793,1774],"class_list":["post-20749","post","type-post","status-publish","format-standard","has-post-thumbnail","hentry","category-analog","category-kolej","category-rok-2004","tag-2004-07-20","tag-pkp","tag-polska","tag-su42","tag-sygnalizacja-ksztaltowa","tag-tab-pl431","tag-wierzchucin"],"_links":{"self":[{"href":"http:\/\/wgphoto.pl\/t\/index.php?rest_route=\/wp\/v2\/posts\/20749","targetHints":{"allow":["GET"]}}],"collection":[{"href":"http:\/\/wgphoto.pl\/t\/index.php?rest_route=\/wp\/v2\/posts"}],"about":[{"href":"http:\/\/wgphoto.pl\/t\/index.php?rest_route=\/wp\/v2\/types\/post"}],"author":[{"embeddable":true,"href":"http:\/\/wgphoto.pl\/t\/index.php?rest_route=\/wp\/v2\/users\/1"}],"replies":[{"embeddable":true,"href":"http:\/\/wgphoto.pl\/t\/index.php?rest_route=%2Fwp%2Fv2%2Fcomments&post=20749"}],"version-history":[{"count":1,"href":"http:\/\/wgphoto.pl\/t\/index.php?rest_route=\/wp\/v2\/posts\/20749\/revisions"}],"predecessor-version":[{"id":20751,"href":"http:\/\/wgphoto.pl\/t\/index.php?rest_route=\/wp\/v2\/posts\/20749\/revisions\/20751"}],"wp:featuredmedia":[{"embeddable":true,"href":"http:\/\/wgphoto.pl\/t\/index.php?rest_route=\/wp\/v2\/media\/20750"}],"wp:attachment":[{"href":"http:\/\/wgphoto.pl\/t\/index.php?rest_route=%2Fwp%2Fv2%2Fmedia&parent=20749"}],"wp:term":[{"taxonomy":"category","embeddable":true,"href":"http:\/\/wgphoto.pl\/t\/index.php?rest_route=%2Fwp%2Fv2%2Fcategories&post=20749"},{"taxonomy":"post_tag","embeddable":true,"href":"http:\/\/wgphoto.pl\/t\/index.php?rest_route=%2Fwp%2Fv2%2Ftags&post=20749"}],"curies":[{"name":"wp","href":"https:\/\/api.w.org\/{rel}","templated":true}]}}