{"id":2075,"date":"2024-10-07T17:58:08","date_gmt":"2024-10-07T15:58:08","guid":{"rendered":"https:\/\/wgphoto.pl\/t\/?p=2075"},"modified":"2024-10-07T17:58:08","modified_gmt":"2024-10-07T15:58:08","slug":"jego-dni-sa-juz-policzone","status":"publish","type":"post","link":"http:\/\/wgphoto.pl\/t\/?p=2075","title":{"rendered":"Jego dni s\u0105 ju\u017c policzone"},"content":{"rendered":"\n<figure class=\"wp-block-image aligncenter size-full\"><img loading=\"lazy\" decoding=\"async\" width=\"1200\" height=\"803\" src=\"https:\/\/wgphoto.pl\/t\/wp-content\/uploads\/2024\/10\/IMGP6557.jpg\" alt=\"\" class=\"wp-image-2076\" srcset=\"http:\/\/wgphoto.pl\/t\/wp-content\/uploads\/2024\/10\/IMGP6557.jpg 1200w, http:\/\/wgphoto.pl\/t\/wp-content\/uploads\/2024\/10\/IMGP6557-300x201.jpg 300w, http:\/\/wgphoto.pl\/t\/wp-content\/uploads\/2024\/10\/IMGP6557-768x514.jpg 768w\" sizes=\"auto, (max-width: 1200px) 100vw, 1200px\" \/><\/figure>\n\n\n\n<div class=\"wp-block-group has-global-padding is-layout-constrained wp-block-group-is-layout-constrained\">\n<p>Gliwice, ul. Dolnych Wa\u0142\u00f3w. Tramwaje znikn\u0105 st\u0105d za nieca\u0142e 2 miesi\u0105ce. Obecnie po szynach <a href=\"https:\/\/www.google.pl\/maps\/@50.2961702,18.6636829,3a,75y,90.49h,84.33t\/data=!3m6!1e1!3m4!1suojtJDcqGjJSqnkGUGI01w!2e0!7i13312!8i6656\">nie ma nawet \u015bladu<\/a>. O tramwajach przypominaj\u0105 jedynie rozety s\u0142u\u017c\u0105ce do podwieszenia sieci trakcyjnej do kamienic &#8211; zupe\u0142nie jak w jakim\u015b mie\u015bcie, gdzie tramwaje zlikwidowano wiele dziesi\u0105tek lat wcze\u015bniej. 06.07.2009<\/p>\n<\/div>\n","protected":false},"excerpt":{"rendered":"<p>Gliwice, ul. Dolnych Wa\u0142\u00f3w. Tramwaje znikn\u0105 st\u0105d za nieca\u0142e 2 miesi\u0105ce. Obecnie po szynach nie ma nawet \u015bladu. O tramwajach przypominaj\u0105 jedynie rozety s\u0142u\u017c\u0105ce do podwieszenia sieci trakcyjnej do kamienic &#8211; zupe\u0142nie jak w jakim\u015b mie\u015bcie, gdzie tramwaje zlikwidowano wiele dziesi\u0105tek lat wcze\u015bniej. 06.07.2009<\/p>\n","protected":false},"author":1,"featured_media":2076,"comment_status":"open","ping_status":"","sticky":false,"template":"","format":"standard","meta":{"footnotes":""},"categories":[169,3],"tags":[155,1079,1080,277,27,279],"class_list":["post-2075","post","type-post","status-publish","format-standard","has-post-thumbnail","hentry","category-rok-2009","category-tramwaj","tag-105na","tag-2009-07-06","tag-gliwice","tag-gop","tag-polska","tag-tramwaje-slaskie"],"_links":{"self":[{"href":"http:\/\/wgphoto.pl\/t\/index.php?rest_route=\/wp\/v2\/posts\/2075","targetHints":{"allow":["GET"]}}],"collection":[{"href":"http:\/\/wgphoto.pl\/t\/index.php?rest_route=\/wp\/v2\/posts"}],"about":[{"href":"http:\/\/wgphoto.pl\/t\/index.php?rest_route=\/wp\/v2\/types\/post"}],"author":[{"embeddable":true,"href":"http:\/\/wgphoto.pl\/t\/index.php?rest_route=\/wp\/v2\/users\/1"}],"replies":[{"embeddable":true,"href":"http:\/\/wgphoto.pl\/t\/index.php?rest_route=%2Fwp%2Fv2%2Fcomments&post=2075"}],"version-history":[{"count":1,"href":"http:\/\/wgphoto.pl\/t\/index.php?rest_route=\/wp\/v2\/posts\/2075\/revisions"}],"predecessor-version":[{"id":2077,"href":"http:\/\/wgphoto.pl\/t\/index.php?rest_route=\/wp\/v2\/posts\/2075\/revisions\/2077"}],"wp:featuredmedia":[{"embeddable":true,"href":"http:\/\/wgphoto.pl\/t\/index.php?rest_route=\/wp\/v2\/media\/2076"}],"wp:attachment":[{"href":"http:\/\/wgphoto.pl\/t\/index.php?rest_route=%2Fwp%2Fv2%2Fmedia&parent=2075"}],"wp:term":[{"taxonomy":"category","embeddable":true,"href":"http:\/\/wgphoto.pl\/t\/index.php?rest_route=%2Fwp%2Fv2%2Fcategories&post=2075"},{"taxonomy":"post_tag","embeddable":true,"href":"http:\/\/wgphoto.pl\/t\/index.php?rest_route=%2Fwp%2Fv2%2Ftags&post=2075"}],"curies":[{"name":"wp","href":"https:\/\/api.w.org\/{rel}","templated":true}]}}