{"id":20752,"date":"2025-07-15T16:15:53","date_gmt":"2025-07-15T14:15:53","guid":{"rendered":"https:\/\/wgphoto.pl\/t\/?p=20752"},"modified":"2025-07-15T16:15:53","modified_gmt":"2025-07-15T14:15:53","slug":"z-daleka","status":"publish","type":"post","link":"http:\/\/wgphoto.pl\/t\/?p=20752","title":{"rendered":"Z daleka"},"content":{"rendered":"\n<figure class=\"wp-block-image aligncenter size-full\"><img loading=\"lazy\" decoding=\"async\" width=\"1400\" height=\"875\" src=\"https:\/\/wgphoto.pl\/t\/wp-content\/uploads\/2025\/07\/0414-06_rsn.jpg\" alt=\"\" class=\"wp-image-20753\" srcset=\"http:\/\/wgphoto.pl\/t\/wp-content\/uploads\/2025\/07\/0414-06_rsn.jpg 1400w, http:\/\/wgphoto.pl\/t\/wp-content\/uploads\/2025\/07\/0414-06_rsn-300x188.jpg 300w, http:\/\/wgphoto.pl\/t\/wp-content\/uploads\/2025\/07\/0414-06_rsn-768x480.jpg 768w\" sizes=\"auto, (max-width: 1400px) 100vw, 1400px\" \/><\/figure>\n\n\n\n<div class=\"wp-block-group has-global-padding is-layout-constrained wp-block-group-is-layout-constrained\">\n<p>SU45-197 z poci\u0105giem pospiesznym 58511 z Gdyni G\u0142. do Gorzowa Wielkopolskiego wje\u017cd\u017ca do Czerska. Wtedy mia\u0142em jak\u0105\u015b faz\u0119 na niezas\u0142anianie sk\u0142adem poci\u0105gu semafor\u00f3w i innych obiekt\u00f3w. \ud83d\ude42 20.07.2004<\/p>\n<\/div>\n","protected":false},"excerpt":{"rendered":"<p>SU45-197 z poci\u0105giem pospiesznym 58511 z Gdyni G\u0142. do Gorzowa Wielkopolskiego wje\u017cd\u017ca do Czerska. Wtedy mia\u0142em jak\u0105\u015b faz\u0119 na niezas\u0142anianie sk\u0142adem poci\u0105gu semafor\u00f3w i innych obiekt\u00f3w. \ud83d\ude42 20.07.2004<\/p>\n","protected":false},"author":1,"featured_media":20753,"comment_status":"open","ping_status":"","sticky":false,"template":"","format":"standard","meta":{"footnotes":""},"categories":[62,2,61,3],"tags":[3896,1478,595,63,27,290,53,887],"class_list":["post-20752","post","type-post","status-publish","format-standard","has-post-thumbnail","hentry","category-analog","category-kolej","category-rok-2004","category-tramwaj","tag-2004-07-20","tag-czersk","tag-ostbahn","tag-pkp","tag-polska","tag-su45","tag-sygnalizacja-ksztaltowa","tag-tab-pl426"],"_links":{"self":[{"href":"http:\/\/wgphoto.pl\/t\/index.php?rest_route=\/wp\/v2\/posts\/20752","targetHints":{"allow":["GET"]}}],"collection":[{"href":"http:\/\/wgphoto.pl\/t\/index.php?rest_route=\/wp\/v2\/posts"}],"about":[{"href":"http:\/\/wgphoto.pl\/t\/index.php?rest_route=\/wp\/v2\/types\/post"}],"author":[{"embeddable":true,"href":"http:\/\/wgphoto.pl\/t\/index.php?rest_route=\/wp\/v2\/users\/1"}],"replies":[{"embeddable":true,"href":"http:\/\/wgphoto.pl\/t\/index.php?rest_route=%2Fwp%2Fv2%2Fcomments&post=20752"}],"version-history":[{"count":1,"href":"http:\/\/wgphoto.pl\/t\/index.php?rest_route=\/wp\/v2\/posts\/20752\/revisions"}],"predecessor-version":[{"id":20754,"href":"http:\/\/wgphoto.pl\/t\/index.php?rest_route=\/wp\/v2\/posts\/20752\/revisions\/20754"}],"wp:featuredmedia":[{"embeddable":true,"href":"http:\/\/wgphoto.pl\/t\/index.php?rest_route=\/wp\/v2\/media\/20753"}],"wp:attachment":[{"href":"http:\/\/wgphoto.pl\/t\/index.php?rest_route=%2Fwp%2Fv2%2Fmedia&parent=20752"}],"wp:term":[{"taxonomy":"category","embeddable":true,"href":"http:\/\/wgphoto.pl\/t\/index.php?rest_route=%2Fwp%2Fv2%2Fcategories&post=20752"},{"taxonomy":"post_tag","embeddable":true,"href":"http:\/\/wgphoto.pl\/t\/index.php?rest_route=%2Fwp%2Fv2%2Ftags&post=20752"}],"curies":[{"name":"wp","href":"https:\/\/api.w.org\/{rel}","templated":true}]}}