{"id":20758,"date":"2025-07-15T16:17:32","date_gmt":"2025-07-15T14:17:32","guid":{"rendered":"https:\/\/wgphoto.pl\/t\/?p=20758"},"modified":"2025-07-15T16:17:32","modified_gmt":"2025-07-15T14:17:32","slug":"st43-356-gluszyca-gorna","status":"publish","type":"post","link":"http:\/\/wgphoto.pl\/t\/?p=20758","title":{"rendered":"ST43-356, G\u0142uszyca G\u00f3rna"},"content":{"rendered":"\n<figure class=\"wp-block-image aligncenter size-full\"><img loading=\"lazy\" decoding=\"async\" width=\"1400\" height=\"927\" src=\"https:\/\/wgphoto.pl\/t\/wp-content\/uploads\/2025\/07\/0515-30_rsn.jpg\" alt=\"\" class=\"wp-image-20759\" srcset=\"http:\/\/wgphoto.pl\/t\/wp-content\/uploads\/2025\/07\/0515-30_rsn.jpg 1400w, http:\/\/wgphoto.pl\/t\/wp-content\/uploads\/2025\/07\/0515-30_rsn-300x199.jpg 300w, http:\/\/wgphoto.pl\/t\/wp-content\/uploads\/2025\/07\/0515-30_rsn-768x509.jpg 768w\" sizes=\"auto, (max-width: 1400px) 100vw, 1400px\" \/><\/figure>\n\n\n\n<div class=\"wp-block-group has-global-padding is-layout-constrained wp-block-group-is-layout-constrained\">\n<p>ST43-356 na popychu pr\u00f3\u017cnego sk\u0142adu pod za\u0142adunek kamienia mija przystanek G\u0142uszyca G\u00f3rna w drodze do Bartnicy. 16.07.2005<\/p>\n<\/div>\n","protected":false},"excerpt":{"rendered":"<p>ST43-356 na popychu pr\u00f3\u017cnego sk\u0142adu pod za\u0142adunek kamienia mija przystanek G\u0142uszyca G\u00f3rna w drodze do Bartnicy. 16.07.2005<\/p>\n","protected":false},"author":1,"featured_media":20759,"comment_status":"open","ping_status":"","sticky":false,"template":"","format":"standard","meta":{"footnotes":""},"categories":[62,2,311],"tags":[1421,1420,63,27,64,391],"class_list":["post-20758","post","type-post","status-publish","format-standard","has-post-thumbnail","hentry","category-analog","category-kolej","category-rok-2005","tag-2005-07-16","tag-gluszyca-gorna","tag-pkp","tag-polska","tag-st43","tag-tab-pl245"],"_links":{"self":[{"href":"http:\/\/wgphoto.pl\/t\/index.php?rest_route=\/wp\/v2\/posts\/20758","targetHints":{"allow":["GET"]}}],"collection":[{"href":"http:\/\/wgphoto.pl\/t\/index.php?rest_route=\/wp\/v2\/posts"}],"about":[{"href":"http:\/\/wgphoto.pl\/t\/index.php?rest_route=\/wp\/v2\/types\/post"}],"author":[{"embeddable":true,"href":"http:\/\/wgphoto.pl\/t\/index.php?rest_route=\/wp\/v2\/users\/1"}],"replies":[{"embeddable":true,"href":"http:\/\/wgphoto.pl\/t\/index.php?rest_route=%2Fwp%2Fv2%2Fcomments&post=20758"}],"version-history":[{"count":1,"href":"http:\/\/wgphoto.pl\/t\/index.php?rest_route=\/wp\/v2\/posts\/20758\/revisions"}],"predecessor-version":[{"id":20760,"href":"http:\/\/wgphoto.pl\/t\/index.php?rest_route=\/wp\/v2\/posts\/20758\/revisions\/20760"}],"wp:featuredmedia":[{"embeddable":true,"href":"http:\/\/wgphoto.pl\/t\/index.php?rest_route=\/wp\/v2\/media\/20759"}],"wp:attachment":[{"href":"http:\/\/wgphoto.pl\/t\/index.php?rest_route=%2Fwp%2Fv2%2Fmedia&parent=20758"}],"wp:term":[{"taxonomy":"category","embeddable":true,"href":"http:\/\/wgphoto.pl\/t\/index.php?rest_route=%2Fwp%2Fv2%2Fcategories&post=20758"},{"taxonomy":"post_tag","embeddable":true,"href":"http:\/\/wgphoto.pl\/t\/index.php?rest_route=%2Fwp%2Fv2%2Ftags&post=20758"}],"curies":[{"name":"wp","href":"https:\/\/api.w.org\/{rel}","templated":true}]}}