{"id":20775,"date":"2025-07-26T11:43:09","date_gmt":"2025-07-26T09:43:09","guid":{"rendered":"https:\/\/wgphoto.pl\/t\/?p=20775"},"modified":"2025-07-26T11:43:53","modified_gmt":"2025-07-26T09:43:53","slug":"pociag-ma-pierwszenstwo","status":"publish","type":"post","link":"http:\/\/wgphoto.pl\/t\/?p=20775","title":{"rendered":"Poci\u0105g ma pierwsze\u0144stwo"},"content":{"rendered":"\n<figure class=\"wp-block-image aligncenter size-full\"><img loading=\"lazy\" decoding=\"async\" width=\"1400\" height=\"927\" src=\"https:\/\/wgphoto.pl\/t\/wp-content\/uploads\/2025\/07\/IMGP8932.jpg\" alt=\"\" class=\"wp-image-20776\" srcset=\"http:\/\/wgphoto.pl\/t\/wp-content\/uploads\/2025\/07\/IMGP8932.jpg 1400w, http:\/\/wgphoto.pl\/t\/wp-content\/uploads\/2025\/07\/IMGP8932-300x199.jpg 300w, http:\/\/wgphoto.pl\/t\/wp-content\/uploads\/2025\/07\/IMGP8932-768x509.jpg 768w\" sizes=\"auto, (max-width: 1400px) 100vw, 1400px\" \/><\/figure>\n\n\n\n<div class=\"wp-block-group has-global-padding is-layout-constrained wp-block-group-is-layout-constrained\">\n<p>Kolejne uj\u0119cie z mostu kolejowo-drogowego w Bechyn\u011b, na kt\u00f3rym lepiej wida\u0107 organizacj\u0119 ruchu. Poci\u0105g po mo\u015bcie toczy si\u0119 bodaj 10 km\/h (zapewne ze wzgl\u0119d\u00f3w bezpiecze\u0144stwa), za\u015b wjazd dla aut zabezpieczany jest sygnalizacj\u0105 analogiczn\u0105 jak na przejazdach. Dzi\u0119ki temu przed wjazdem poci\u0105gu most pozostaje &#8222;czysty&#8221;, a w zdj\u0119ciach przeszkadzaj\u0105 co najwy\u017cej rowerzy\u015bci i piesi &#8211; i owszem przeszkadzaj\u0105, gdy\u017c jest ich wielu, bo most jest tak\u017ce dobrym punktem widokowym na dolin\u0119 rzeki Lu\u017enice. Je\u015bli za\u015b chodzi o poci\u0105g, taki sk\u0142ad stanowi\u0142 w\u00f3wczas standardow\u0105 obs\u0142ug\u0119 codziennych poci\u0105g\u00f3w. 113.003 z poci\u0105giem 28412 relacji T\u00e1bor &#8211; Bechyn\u011b za kilkaset metr\u00f3w sko\u0144czy kurs. 25.07.2020<\/p>\n<\/div>\n","protected":false},"excerpt":{"rendered":"<p>Kolejne uj\u0119cie z mostu kolejowo-drogowego w Bechyn\u011b, na kt\u00f3rym lepiej wida\u0107 organizacj\u0119 ruchu. Poci\u0105g po mo\u015bcie toczy si\u0119 bodaj 10 km\/h (zapewne ze wzgl\u0119d\u00f3w bezpiecze\u0144stwa), za\u015b wjazd dla aut zabezpieczany jest sygnalizacj\u0105 analogiczn\u0105 jak na przejazdach. Dzi\u0119ki temu przed wjazdem poci\u0105gu most pozostaje &#8222;czysty&#8221;, a w zdj\u0119ciach przeszkadzaj\u0105 co najwy\u017cej rowerzy\u015bci i piesi &#8211; i [&hellip;]<\/p>\n","protected":false},"author":1,"featured_media":20776,"comment_status":"open","ping_status":"","sticky":false,"template":"","format":"standard","meta":{"footnotes":""},"categories":[2,676],"tags":[1989,1888,1541,50,49,230,196,45,1542],"class_list":["post-20775","post","type-post","status-publish","format-standard","has-post-thumbnail","hentry","category-kolej","category-rok-2020","tag-1989","tag-2020-07-25","tag-bechyne","tag-cd","tag-czechy","tag-infrastruktura","tag-linie-raczej-lokalne","tag-most","tag-tab-cz202"],"_links":{"self":[{"href":"http:\/\/wgphoto.pl\/t\/index.php?rest_route=\/wp\/v2\/posts\/20775","targetHints":{"allow":["GET"]}}],"collection":[{"href":"http:\/\/wgphoto.pl\/t\/index.php?rest_route=\/wp\/v2\/posts"}],"about":[{"href":"http:\/\/wgphoto.pl\/t\/index.php?rest_route=\/wp\/v2\/types\/post"}],"author":[{"embeddable":true,"href":"http:\/\/wgphoto.pl\/t\/index.php?rest_route=\/wp\/v2\/users\/1"}],"replies":[{"embeddable":true,"href":"http:\/\/wgphoto.pl\/t\/index.php?rest_route=%2Fwp%2Fv2%2Fcomments&post=20775"}],"version-history":[{"count":2,"href":"http:\/\/wgphoto.pl\/t\/index.php?rest_route=\/wp\/v2\/posts\/20775\/revisions"}],"predecessor-version":[{"id":20778,"href":"http:\/\/wgphoto.pl\/t\/index.php?rest_route=\/wp\/v2\/posts\/20775\/revisions\/20778"}],"wp:featuredmedia":[{"embeddable":true,"href":"http:\/\/wgphoto.pl\/t\/index.php?rest_route=\/wp\/v2\/media\/20776"}],"wp:attachment":[{"href":"http:\/\/wgphoto.pl\/t\/index.php?rest_route=%2Fwp%2Fv2%2Fmedia&parent=20775"}],"wp:term":[{"taxonomy":"category","embeddable":true,"href":"http:\/\/wgphoto.pl\/t\/index.php?rest_route=%2Fwp%2Fv2%2Fcategories&post=20775"},{"taxonomy":"post_tag","embeddable":true,"href":"http:\/\/wgphoto.pl\/t\/index.php?rest_route=%2Fwp%2Fv2%2Ftags&post=20775"}],"curies":[{"name":"wp","href":"https:\/\/api.w.org\/{rel}","templated":true}]}}