{"id":208,"date":"2024-09-28T17:53:56","date_gmt":"2024-09-28T15:53:56","guid":{"rendered":"https:\/\/wgphoto.pl\/t\/?p=208"},"modified":"2024-09-28T17:54:17","modified_gmt":"2024-09-28T15:54:17","slug":"wielki-blekit","status":"publish","type":"post","link":"http:\/\/wgphoto.pl\/t\/?p=208","title":{"rendered":"Wielki b\u0142\u0119kit"},"content":{"rendered":"\n<figure class=\"wp-block-image aligncenter size-full\"><img loading=\"lazy\" decoding=\"async\" width=\"1300\" height=\"861\" src=\"https:\/\/wgphoto.pl\/t\/wp-content\/uploads\/IMGP0405.jpg\" alt=\"\" class=\"wp-image-209\" srcset=\"http:\/\/wgphoto.pl\/t\/wp-content\/uploads\/IMGP0405.jpg 1300w, http:\/\/wgphoto.pl\/t\/wp-content\/uploads\/IMGP0405-300x199.jpg 300w, http:\/\/wgphoto.pl\/t\/wp-content\/uploads\/IMGP0405-768x509.jpg 768w\" sizes=\"auto, (max-width: 1300px) 100vw, 1300px\" \/><\/figure>\n\n\n\n<p class=\"has-text-align-center\">EU160-025 z poci\u0105giem 8306 IC &#8222;Malczewski&#8221; z Ko\u0142obrzegu do Krakowa przeje\u017cd\u017ca nad wezbran\u0105 Odr\u0105 w obr\u0119bie stacji Wroc\u0142aw Popowice. [20.09.2024]<\/p>\n","protected":false},"excerpt":{"rendered":"<p>EU160-025 z poci\u0105giem 8306 IC &#8222;Malczewski&#8221; z Ko\u0142obrzegu do Krakowa przeje\u017cd\u017ca nad wezbran\u0105 Odr\u0105 w obr\u0119bie stacji Wroc\u0142aw Popowice. [20.09.2024]<\/p>\n","protected":false},"author":1,"featured_media":209,"comment_status":"open","ping_status":"","sticky":false,"template":"","format":"standard","meta":{"footnotes":""},"categories":[2,5],"tags":[76,71,45,72,63,27,74,73,41,75],"class_list":["post-208","post","type-post","status-publish","format-standard","has-post-thumbnail","hentry","category-kolej","category-2024r","tag-2024-09-20","tag-eu160","tag-most","tag-newag-griffin","tag-pkp","tag-polska","tag-powodz","tag-rzeka","tag-wroclaw","tag-wroclaw-popowice"],"_links":{"self":[{"href":"http:\/\/wgphoto.pl\/t\/index.php?rest_route=\/wp\/v2\/posts\/208","targetHints":{"allow":["GET"]}}],"collection":[{"href":"http:\/\/wgphoto.pl\/t\/index.php?rest_route=\/wp\/v2\/posts"}],"about":[{"href":"http:\/\/wgphoto.pl\/t\/index.php?rest_route=\/wp\/v2\/types\/post"}],"author":[{"embeddable":true,"href":"http:\/\/wgphoto.pl\/t\/index.php?rest_route=\/wp\/v2\/users\/1"}],"replies":[{"embeddable":true,"href":"http:\/\/wgphoto.pl\/t\/index.php?rest_route=%2Fwp%2Fv2%2Fcomments&post=208"}],"version-history":[{"count":2,"href":"http:\/\/wgphoto.pl\/t\/index.php?rest_route=\/wp\/v2\/posts\/208\/revisions"}],"predecessor-version":[{"id":211,"href":"http:\/\/wgphoto.pl\/t\/index.php?rest_route=\/wp\/v2\/posts\/208\/revisions\/211"}],"wp:featuredmedia":[{"embeddable":true,"href":"http:\/\/wgphoto.pl\/t\/index.php?rest_route=\/wp\/v2\/media\/209"}],"wp:attachment":[{"href":"http:\/\/wgphoto.pl\/t\/index.php?rest_route=%2Fwp%2Fv2%2Fmedia&parent=208"}],"wp:term":[{"taxonomy":"category","embeddable":true,"href":"http:\/\/wgphoto.pl\/t\/index.php?rest_route=%2Fwp%2Fv2%2Fcategories&post=208"},{"taxonomy":"post_tag","embeddable":true,"href":"http:\/\/wgphoto.pl\/t\/index.php?rest_route=%2Fwp%2Fv2%2Ftags&post=208"}],"curies":[{"name":"wp","href":"https:\/\/api.w.org\/{rel}","templated":true}]}}