{"id":20834,"date":"2025-07-27T11:37:38","date_gmt":"2025-07-27T09:37:38","guid":{"rendered":"https:\/\/wgphoto.pl\/t\/?p=20834"},"modified":"2025-07-27T11:37:38","modified_gmt":"2025-07-27T09:37:38","slug":"ge6-6-704-w-samedan","status":"publish","type":"post","link":"http:\/\/wgphoto.pl\/t\/?p=20834","title":{"rendered":"Ge6\/6 704 w Samedan"},"content":{"rendered":"\n<figure class=\"wp-block-image aligncenter size-full\"><img loading=\"lazy\" decoding=\"async\" width=\"1300\" height=\"861\" src=\"https:\/\/wgphoto.pl\/t\/wp-content\/uploads\/2025\/07\/IMGP8251.jpg\" alt=\"\" class=\"wp-image-20835\" srcset=\"http:\/\/wgphoto.pl\/t\/wp-content\/uploads\/2025\/07\/IMGP8251.jpg 1300w, http:\/\/wgphoto.pl\/t\/wp-content\/uploads\/2025\/07\/IMGP8251-300x199.jpg 300w, http:\/\/wgphoto.pl\/t\/wp-content\/uploads\/2025\/07\/IMGP8251-768x509.jpg 768w\" sizes=\"auto, (max-width: 1300px) 100vw, 1300px\" \/><\/figure>\n\n\n\n<div class=\"wp-block-group has-global-padding is-layout-constrained wp-block-group-is-layout-constrained\">\n<p>Ge6\/6 nr 704 podczas przerwy w pracy na stacji Samedan. Te sze\u015bcioosiowe maszynki, wyprodukowane w latach 1958 i 1965 w liczbie 7 sztuk, s\u0142u\u017c\u0105 w ruchu towarowym, nasilonym najbardziej &#8211; wg moich obserwacji &#8211; w centralnej cz\u0119\u015bci sieci RhB. 26.03.2018<\/p>\n<\/div>\n","protected":false},"excerpt":{"rendered":"<p>Ge6\/6 nr 704 podczas przerwy w pracy na stacji Samedan. Te sze\u015bcioosiowe maszynki, wyprodukowane w latach 1958 i 1965 w liczbie 7 sztuk, s\u0142u\u017c\u0105 w ruchu towarowym, nasilonym najbardziej &#8211; wg moich obserwacji &#8211; w centralnej cz\u0119\u015bci sieci RhB. 26.03.2018<\/p>\n","protected":false},"author":1,"featured_media":20835,"comment_status":"open","ping_status":"","sticky":false,"template":"","format":"standard","meta":{"footnotes":""},"categories":[2,156],"tags":[736,114,737,4354,44,183,186],"class_list":["post-20834","post","type-post","status-publish","format-standard","has-post-thumbnail","hentry","category-kolej","category-rok-2018","tag-2018-03-26","tag-gory","tag-rhatische-bahn","tag-samedan","tag-snieg","tag-suissetrip-2018","tag-szwajcaria"],"_links":{"self":[{"href":"http:\/\/wgphoto.pl\/t\/index.php?rest_route=\/wp\/v2\/posts\/20834","targetHints":{"allow":["GET"]}}],"collection":[{"href":"http:\/\/wgphoto.pl\/t\/index.php?rest_route=\/wp\/v2\/posts"}],"about":[{"href":"http:\/\/wgphoto.pl\/t\/index.php?rest_route=\/wp\/v2\/types\/post"}],"author":[{"embeddable":true,"href":"http:\/\/wgphoto.pl\/t\/index.php?rest_route=\/wp\/v2\/users\/1"}],"replies":[{"embeddable":true,"href":"http:\/\/wgphoto.pl\/t\/index.php?rest_route=%2Fwp%2Fv2%2Fcomments&post=20834"}],"version-history":[{"count":1,"href":"http:\/\/wgphoto.pl\/t\/index.php?rest_route=\/wp\/v2\/posts\/20834\/revisions"}],"predecessor-version":[{"id":20836,"href":"http:\/\/wgphoto.pl\/t\/index.php?rest_route=\/wp\/v2\/posts\/20834\/revisions\/20836"}],"wp:featuredmedia":[{"embeddable":true,"href":"http:\/\/wgphoto.pl\/t\/index.php?rest_route=\/wp\/v2\/media\/20835"}],"wp:attachment":[{"href":"http:\/\/wgphoto.pl\/t\/index.php?rest_route=%2Fwp%2Fv2%2Fmedia&parent=20834"}],"wp:term":[{"taxonomy":"category","embeddable":true,"href":"http:\/\/wgphoto.pl\/t\/index.php?rest_route=%2Fwp%2Fv2%2Fcategories&post=20834"},{"taxonomy":"post_tag","embeddable":true,"href":"http:\/\/wgphoto.pl\/t\/index.php?rest_route=%2Fwp%2Fv2%2Ftags&post=20834"}],"curies":[{"name":"wp","href":"https:\/\/api.w.org\/{rel}","templated":true}]}}