{"id":20849,"date":"2025-07-27T11:42:14","date_gmt":"2025-07-27T09:42:14","guid":{"rendered":"https:\/\/wgphoto.pl\/t\/?p=20849"},"modified":"2025-07-27T11:42:14","modified_gmt":"2025-07-27T09:42:14","slug":"u-schylku-dnia","status":"publish","type":"post","link":"http:\/\/wgphoto.pl\/t\/?p=20849","title":{"rendered":"U schy\u0142ku dnia"},"content":{"rendered":"\n<figure class=\"wp-block-image aligncenter size-full\"><img loading=\"lazy\" decoding=\"async\" width=\"1300\" height=\"861\" src=\"https:\/\/wgphoto.pl\/t\/wp-content\/uploads\/2025\/07\/IMGP7452.jpg\" alt=\"\" class=\"wp-image-20850\" srcset=\"http:\/\/wgphoto.pl\/t\/wp-content\/uploads\/2025\/07\/IMGP7452.jpg 1300w, http:\/\/wgphoto.pl\/t\/wp-content\/uploads\/2025\/07\/IMGP7452-300x199.jpg 300w, http:\/\/wgphoto.pl\/t\/wp-content\/uploads\/2025\/07\/IMGP7452-768x509.jpg 768w\" sizes=\"auto, (max-width: 1300px) 100vw, 1300px\" \/><\/figure>\n\n\n\n<div class=\"wp-block-group has-global-padding is-layout-constrained wp-block-group-is-layout-constrained\">\n<p>Dvoji\u010dka serii 131 o nieznanych numerach mija zbiornik wodny w Krpe\u013eanach. T\u0142o stanowi\u0105 szczyty Ma\u0142ej Fatry. 02.05.2022<\/p>\n<\/div>\n","protected":false},"excerpt":{"rendered":"<p>Dvoji\u010dka serii 131 o nieznanych numerach mija zbiornik wodny w Krpe\u013eanach. T\u0142o stanowi\u0105 szczyty Ma\u0142ej Fatry. 02.05.2022<\/p>\n","protected":false},"author":1,"featured_media":20850,"comment_status":"open","ping_status":"","sticky":false,"template":"","format":"standard","meta":{"footnotes":""},"categories":[2,669],"tags":[679,2154,114,756,674,675,757,469],"class_list":["post-20849","post","type-post","status-publish","format-standard","has-post-thumbnail","hentry","category-kolej","category-rok-2022","tag-679","tag-2022-05-02","tag-gory","tag-krpelany","tag-majowka-2022-hej","tag-slowacja","tag-sutovo-ratkovo","tag-zssk"],"_links":{"self":[{"href":"http:\/\/wgphoto.pl\/t\/index.php?rest_route=\/wp\/v2\/posts\/20849","targetHints":{"allow":["GET"]}}],"collection":[{"href":"http:\/\/wgphoto.pl\/t\/index.php?rest_route=\/wp\/v2\/posts"}],"about":[{"href":"http:\/\/wgphoto.pl\/t\/index.php?rest_route=\/wp\/v2\/types\/post"}],"author":[{"embeddable":true,"href":"http:\/\/wgphoto.pl\/t\/index.php?rest_route=\/wp\/v2\/users\/1"}],"replies":[{"embeddable":true,"href":"http:\/\/wgphoto.pl\/t\/index.php?rest_route=%2Fwp%2Fv2%2Fcomments&post=20849"}],"version-history":[{"count":1,"href":"http:\/\/wgphoto.pl\/t\/index.php?rest_route=\/wp\/v2\/posts\/20849\/revisions"}],"predecessor-version":[{"id":20851,"href":"http:\/\/wgphoto.pl\/t\/index.php?rest_route=\/wp\/v2\/posts\/20849\/revisions\/20851"}],"wp:featuredmedia":[{"embeddable":true,"href":"http:\/\/wgphoto.pl\/t\/index.php?rest_route=\/wp\/v2\/media\/20850"}],"wp:attachment":[{"href":"http:\/\/wgphoto.pl\/t\/index.php?rest_route=%2Fwp%2Fv2%2Fmedia&parent=20849"}],"wp:term":[{"taxonomy":"category","embeddable":true,"href":"http:\/\/wgphoto.pl\/t\/index.php?rest_route=%2Fwp%2Fv2%2Fcategories&post=20849"},{"taxonomy":"post_tag","embeddable":true,"href":"http:\/\/wgphoto.pl\/t\/index.php?rest_route=%2Fwp%2Fv2%2Ftags&post=20849"}],"curies":[{"name":"wp","href":"https:\/\/api.w.org\/{rel}","templated":true}]}}