{"id":20859,"date":"2025-07-27T13:49:15","date_gmt":"2025-07-27T11:49:15","guid":{"rendered":"https:\/\/wgphoto.pl\/t\/?p=20859"},"modified":"2025-07-27T13:49:15","modified_gmt":"2025-07-27T11:49:15","slug":"123-016-most","status":"publish","type":"post","link":"http:\/\/wgphoto.pl\/t\/?p=20859","title":{"rendered":"123.016, Most"},"content":{"rendered":"\n<figure class=\"wp-block-image aligncenter size-full\"><img loading=\"lazy\" decoding=\"async\" width=\"1400\" height=\"927\" src=\"https:\/\/wgphoto.pl\/t\/wp-content\/uploads\/2025\/07\/IMGP0365.jpg\" alt=\"\" class=\"wp-image-20860\" srcset=\"http:\/\/wgphoto.pl\/t\/wp-content\/uploads\/2025\/07\/IMGP0365.jpg 1400w, http:\/\/wgphoto.pl\/t\/wp-content\/uploads\/2025\/07\/IMGP0365-300x199.jpg 300w, http:\/\/wgphoto.pl\/t\/wp-content\/uploads\/2025\/07\/IMGP0365-768x509.jpg 768w\" sizes=\"auto, (max-width: 1400px) 100vw, 1400px\" \/><\/figure>\n\n\n\n<div class=\"wp-block-group has-global-padding is-layout-constrained wp-block-group-is-layout-constrained\">\n<p>123.016 z \u0142adunkiem w\u0119gla brunatnego wje\u017cd\u017ca do stacji Most, mijaj\u0105c pustk\u0119 w miejscu dawnego miasta, kt\u00f3re zaorano pod wydobycie wspomnianego surowca. 21.09.2020<\/p>\n<\/div>\n","protected":false},"excerpt":{"rendered":"<p>123.016 z \u0142adunkiem w\u0119gla brunatnego wje\u017cd\u017ca do stacji Most, mijaj\u0105c pustk\u0119 w miejscu dawnego miasta, kt\u00f3re zaorano pod wydobycie wspomnianego surowca. 21.09.2020<\/p>\n","protected":false},"author":1,"featured_media":20860,"comment_status":"open","ping_status":"","sticky":false,"template":"","format":"standard","meta":{"footnotes":""},"categories":[2,676],"tags":[4148,2356,50,49,2003,1683],"class_list":["post-20859","post","type-post","status-publish","format-standard","has-post-thumbnail","hentry","category-kolej","category-rok-2020","tag-4148","tag-2020-09-21","tag-cd","tag-czechy","tag-czeskie-wakacje-2020","tag-most-cz"],"_links":{"self":[{"href":"http:\/\/wgphoto.pl\/t\/index.php?rest_route=\/wp\/v2\/posts\/20859","targetHints":{"allow":["GET"]}}],"collection":[{"href":"http:\/\/wgphoto.pl\/t\/index.php?rest_route=\/wp\/v2\/posts"}],"about":[{"href":"http:\/\/wgphoto.pl\/t\/index.php?rest_route=\/wp\/v2\/types\/post"}],"author":[{"embeddable":true,"href":"http:\/\/wgphoto.pl\/t\/index.php?rest_route=\/wp\/v2\/users\/1"}],"replies":[{"embeddable":true,"href":"http:\/\/wgphoto.pl\/t\/index.php?rest_route=%2Fwp%2Fv2%2Fcomments&post=20859"}],"version-history":[{"count":1,"href":"http:\/\/wgphoto.pl\/t\/index.php?rest_route=\/wp\/v2\/posts\/20859\/revisions"}],"predecessor-version":[{"id":20861,"href":"http:\/\/wgphoto.pl\/t\/index.php?rest_route=\/wp\/v2\/posts\/20859\/revisions\/20861"}],"wp:featuredmedia":[{"embeddable":true,"href":"http:\/\/wgphoto.pl\/t\/index.php?rest_route=\/wp\/v2\/media\/20860"}],"wp:attachment":[{"href":"http:\/\/wgphoto.pl\/t\/index.php?rest_route=%2Fwp%2Fv2%2Fmedia&parent=20859"}],"wp:term":[{"taxonomy":"category","embeddable":true,"href":"http:\/\/wgphoto.pl\/t\/index.php?rest_route=%2Fwp%2Fv2%2Fcategories&post=20859"},{"taxonomy":"post_tag","embeddable":true,"href":"http:\/\/wgphoto.pl\/t\/index.php?rest_route=%2Fwp%2Fv2%2Ftags&post=20859"}],"curies":[{"name":"wp","href":"https:\/\/api.w.org\/{rel}","templated":true}]}}